{"id":137966,"date":"2024-04-05T10:31:16","date_gmt":"2024-04-05T13:31:16","guid":{"rendered":"https:\/\/corrientesdetarde.com\/?p=137966"},"modified":"2024-04-05T10:31:27","modified_gmt":"2024-04-05T13:31:27","slug":"esquina-sumara-inversiones-del-gobierno-provincial-a-su-aeroclub","status":"publish","type":"post","link":"https:\/\/corrientesdetarde.com\/index.php\/interior\/esquina-sumara-inversiones-del-gobierno-provincial-a-su-aeroclub\/","title":{"rendered":"ESQUINA: SUMAR\u00c1 INVERSIONES DEL GOBIERNO PROVINCIAL A SU AEROCLUB"},"content":{"rendered":"\n<p>El edil Armando Tognola de Esquina asegur\u00f3\u00a0que el Gobierno de Corrientes mantiene inversiones en el sur correntino. Indic\u00f3 que ayer se di\u00f3\u00a0a conocer\u00a0la segunda etapa de obras en la puesta en valor del edificio principal del aeroclub. Actualmente tiene nueva comisi\u00f3n y sumaron varias gestiones.<\/p>\n\n\n\n<p>El funcionario municipal confirm\u00f3 a este medio que el&nbsp;Gobierno provincial realizar\u00e1&nbsp;la construcci\u00f3n de un hangar con una inversi\u00f3n que supera los 100 millones de pesos. &#8220;Pr\u00e1cticamente es un hecho que la semana que viene vamos a recibir la visita de quienes recorrer\u00e1n el aeroclub antes de comenzar la obra&#8221;, dijo Tognola.<\/p>\n\n\n\n<p>En el Honorable Concejo Deliberante, el Bloque ECO trabaja con una agenda que se suma a las&nbsp;gestiones locales. La semana que viene presentar\u00e1n&nbsp;un proyecto de Turismo y Medioambente.&nbsp;Se\u00f1al\u00f3 que &#8220;una&nbsp;de las grandes fortalezas de Esquina es el turismo y en ese sentido, es como una industria pero sin chimenea, que da trabajo a todos&#8221;.<\/p>\n\n\n\n<p>Por otra parte, presentar\u00e1n un proyecto donde se pide&nbsp;reformar un C\u00f3digo de edificaci\u00f3n porque el actual es del a\u00f1o 1979. &#8220;Existen distintos problemas actuales al respecto&nbsp;pero para solucionarlo debemos darle un marco legal&#8221;, concluy\u00f3.<\/p>\n","protected":false},"excerpt":{"rendered":"<p>El edil Armando Tognola de Esquina asegur\u00f3\u00a0que el Gobierno de Corrientes mantiene inversiones en el sur correntino. Indic\u00f3 que ayer se di\u00f3\u00a0a conocer\u00a0la segunda etapa de obras en la puesta&hellip; <\/p>\n","protected":false},"author":12,"featured_media":137976,"comment_status":"closed","ping_status":"open","sticky":false,"template":"","format":"standard","meta":{"footnotes":""},"categories":[1658],"tags":[],"class_list":["post-137966","post","type-post","status-publish","format-standard","has-post-thumbnail","hentry","category-interior"],"_links":{"self":[{"href":"https:\/\/corrientesdetarde.com\/index.php\/wp-json\/wp\/v2\/posts\/137966","targetHints":{"allow":["GET"]}}],"collection":[{"href":"https:\/\/corrientesdetarde.com\/index.php\/wp-json\/wp\/v2\/posts"}],"about":[{"href":"https:\/\/corrientesdetarde.com\/index.php\/wp-json\/wp\/v2\/types\/post"}],"author":[{"embeddable":true,"href":"https:\/\/corrientesdetarde.com\/index.php\/wp-json\/wp\/v2\/users\/12"}],"replies":[{"embeddable":true,"href":"https:\/\/corrientesdetarde.com\/index.php\/wp-json\/wp\/v2\/comments?post=137966"}],"version-history":[{"count":1,"href":"https:\/\/corrientesdetarde.com\/index.php\/wp-json\/wp\/v2\/posts\/137966\/revisions"}],"predecessor-version":[{"id":137978,"href":"https:\/\/corrientesdetarde.com\/index.php\/wp-json\/wp\/v2\/posts\/137966\/revisions\/137978"}],"wp:featuredmedia":[{"embeddable":true,"href":"https:\/\/corrientesdetarde.com\/index.php\/wp-json\/wp\/v2\/media\/137976"}],"wp:attachment":[{"href":"https:\/\/corrientesdetarde.com\/index.php\/wp-json\/wp\/v2\/media?parent=137966"}],"wp:term":[{"taxonomy":"category","embeddable":true,"href":"https:\/\/corrientesdetarde.com\/index.php\/wp-json\/wp\/v2\/categories?post=137966"},{"taxonomy":"post_tag","embeddable":true,"href":"https:\/\/corrientesdetarde.com\/index.php\/wp-json\/wp\/v2\/tags?post=137966"}],"curies":[{"name":"wp","href":"https:\/\/api.w.org\/{rel}","templated":true}]}}