{"id":137967,"date":"2024-04-05T10:26:11","date_gmt":"2024-04-05T13:26:11","guid":{"rendered":"https:\/\/corrientesdetarde.com\/?p=137967"},"modified":"2024-04-05T10:26:22","modified_gmt":"2024-04-05T13:26:22","slug":"9-de-julio-valdes-realizo-el-corte-de-cintas-de-las-remodelaciones-en-el-hospital","status":"publish","type":"post","link":"https:\/\/corrientesdetarde.com\/index.php\/interior\/9-de-julio-valdes-realizo-el-corte-de-cintas-de-las-remodelaciones-en-el-hospital\/","title":{"rendered":"9 DE JULIO:  VALD\u00c9S REALIZ\u00d3 EL CORTE DE CINTAS DE LAS REMODELACIONES EN EL HOSPITAL"},"content":{"rendered":"\n<p>Culminando su recorrido por el interior, el gobernador Gustavo Vald\u00e9s inaugur\u00f3 las obras de remodelaci\u00f3n en el Hospital de 9 de Julio. El nosocomio cuenta con salas de internaci\u00f3n, laboratorio, sala de rayos X y otros servicios. Antes, el mandatario habilit\u00f3 un cuartel de bomberos, anunciando que se iniciaron gestiones para dotarlo de una autobomba para sus funciones.<\/p>\n\n\n\n<p>A mediados de la semana&nbsp;Vald\u00e9s lleg\u00f3 al flamante hospital junto a la comitiva oficial para inaugurar las refacciones de las instalaciones del Hospital de 9 de Julio.<\/p>\n\n\n\n<p>En la oportunidad y luego del corte de cintas, el Mandatario provincial emiti\u00f3 su discurso a los presentes y dijo que \u201cdurante mucho tiempo pusimos a prueba nuestro sistema de salud, como fue con la pandemia, hab\u00eda gente que estaba arriesgando su vida en algo que verdaderamente fue muy doloroso y nos costaron 2.200 vidas\u201d.<\/p>\n\n\n\n<p>En este contexto, destac\u00f3 la labor \u201cde los hombres y mujeres del sistema de salud p\u00fablica de la provincia de Corrientes que sirvieron con entrega, voluntad, fuerza y ganas\u201d, durante esta coyuntura.<\/p>\n\n\n\n<p>Luego, Vald\u00e9s, refiri\u00e9ndose a las refacciones del nosocomio local, sostuvo que \u201ccada vez que inauguramos obras en los hospitales, nos damos cuenta que estamos poniendo cada peso que tenemos los correntinos de manera correcta\u201d, ratificando su compromiso con la salud p\u00fablica.<\/p>\n\n\n\n<p>Asimismo, record\u00f3 que \u201choy estamos trabajando en la lucha contra el dengue, que es otro desaf\u00edo\u201d, adelantando que \u201cla semana que viene comenzaremos con una campa\u00f1a de vacunaci\u00f3n, como no pod\u00eda ser menos\u201d contra esta patolog\u00eda.<\/p>\n\n\n\n<p>Cerrando su discurso, el mismo mandatario, posteriormente, a\u00f1adi\u00f3 que \u201clos hospitales son el primer eslab\u00f3n en cada localidad\u201d, y por eso \u201ctenemos que ponerlos en condiciones para tener una primera recepci\u00f3n en esta red\u201d, volviendo a subrayar \u201cel esfuerzo que hace el personal de salud\u201d, a lo largo y ancho de la provincia.<\/p>\n\n\n\n<p><strong>Cardozo<\/strong><\/p>\n\n\n\n<p>En el momento de su discurso, el ministro de Salud de la provincia, Ricardo Cardozo expres\u00f3 que \u201cla verdad que es imposible no contagiarse de la emoci\u00f3n de la doctora, con el argumento de tener esta obra tan buena, tan importante con el equipamiento adecuado y quiero resaltar la tarea de la administraci\u00f3n del Ministerio de Salud P\u00fablica, y tener al fin, un h\u00e1bitat, un \u00e1mbito como para atender de manera apta y honorable a los ciudadanos del 9 de julio\u201d &nbsp;y a\u00f1adi\u00f3 que &nbsp;\u201ctambi\u00e9n puedan trabajar nuestros profesionales de una manera adecuada\u201d.<\/p>\n\n\n\n<p>Seguidamente, remarc\u00f3 Cardozo que \u201cesto forma parte del programa implementado por el se\u00f1or Gobernador de recuperar nuestras instituciones, tanto desde el punto de vista edilicio como del punto de recurso humano, y de equipamiento\u201d y luego dijo que \u201crecordemos que durante dos a\u00f1os toda la atenci\u00f3n y fundamentalmente la econ\u00f3mica estaba fue dirigida a lo que fue la pandemia hoy nos estamos recuperando y as\u00ed como podemos mostrar esta obra hoy, recordemos que hace poco inauguramos las refacciones de Gobernador Mart\u00ednez, tenemos por inaugurar con el Gobernador la sala de Cecilio Chavarr\u00eda, tambi\u00e9n se inaugur\u00f3 la refacci\u00f3n y la recuperaci\u00f3n del laboratorio y la sala de Rayos de Santa Luc\u00eda en Goya, ya inauguramos la casa de Padres, la ampliaci\u00f3n de la neonatolog\u00eda, la ampliaci\u00f3n de la terapia intensiva se est\u00e1 terminando, el segundo hospital Pedi\u00e1trico de la provincia tambi\u00e9n ah\u00ed en Goya y as\u00ed una serie de obras que hablan justamente de la recuperaci\u00f3n de las instituciones y de los servicios de salud de la provincia\u201d concluy\u00f3 el ministro.<\/p>\n\n\n\n<p><strong>Insaurralde<\/strong><\/p>\n\n\n\n<p>Por su parte el intendente de 9 de Julio, Sebasti\u00e1n Insaurralde, se dirigi\u00f3 al Gobernador y le dijo &#8220;que obra m\u00e1s maravillosa que nos ha dado, como Intendente siempre digo lo que queda son las obras y la calidad humana&#8221;.<\/p>\n\n\n\n<p>Adem\u00e1s, el jefe Comunal agradeci\u00f3 al Gobernador, a su equipo de trabajo, al ministro de Salud P\u00fablica por el apoyo &#8220;en un momento tan Importante y trascendental para el pa\u00eds como fue la pandemia, y por brindar el Hospital de Campa\u00f1a, modelo en todo el pa\u00eds&#8221;.<\/p>\n\n\n\n<p>&nbsp;&#8220;Hoy es un d\u00eda Maravilloso para toda la comunidad porque es una obra que dar\u00e1 calidad de vida a todos&#8221;, y agreg\u00f3 el intendente para finalizar que &#8220;por ac\u00e1 pasan much\u00edsimos pacientes de todas las zonas rurales, y tenemos profesionales que est\u00e1n en la primera l\u00ednea de fuego&#8221;.<\/p>\n\n\n\n<p><strong>Obras realizadas en el Hospital<\/strong><\/p>\n\n\n\n<p>El Gobierno de la provincia de Corrientes a trav\u00e9s del Ministerio de Salud P\u00fablica inaugura las obras de refacci\u00f3n integral del hospital de 9 de Julio comprende los sectores de: Sala de Espera, Instalaciones Sanitarias (tres ba\u00f1os: para personal\/en sala de espera y discapacitados), en Enfermer\u00eda, en el Laboratorio de An\u00e1lisis Cl\u00ednicos, en los Consultorios m\u00e9dicos (2), en el Shock Room, en la Sala de Rayos X (con plomado incluido), en la Sala de Internaci\u00f3n: 3 habitaciones: adultos mujer-hombre\/ni\u00f1os, cada una con sus respectivos ba\u00f1os. Total 6 camas, en la Cocina\/Dep\u00f3sito\/Lavadero y en el Estacionamiento para ambulancia.<\/p>\n\n\n\n<p>Por otro lado, se realizaron trabajos de sistema cloacal, cubierta nueva, pintura, aberturas, iluminaci\u00f3n y la instalaci\u00f3n de aires acondicionados (10).<\/p>\n\n\n\n<p>Los trabajos para la refacci\u00f3n realizados en el hospital necesitaron del Gobierno de Corrientes, de una Inversi\u00f3n de $170 millones.<\/p>\n\n\n\n<p><strong>Inauguraci\u00f3n del nuevo edificio de los Bomberos<\/strong><\/p>\n\n\n\n<p>Con anterioridad a la inauguraci\u00f3n del Hospital, el gobernador Vald\u00e9s se hizo presente en el nuevo edificio del Cuartel de Bomberos para habilitarlo y hacer entrega de los equipamientos y uniformes para la instituci\u00f3n.<\/p>\n\n\n\n<p>Al tomar la palabra en el lugar, Vald\u00e9s expres\u00f3 que \u201cla \u00fanica manera de construir grandes cosas es cuando estamos juntos\u201d, sobre todo, \u201ccon esa voluntad que se ve siempre en nuestros bomberos voluntarios\u201d, subray\u00f3 el Primer Mandatario provincial al dirigirse a los presentes, resaltando la labor de los mismos, en el marco de la inauguraci\u00f3n de este nuevo edificio.<\/p>\n\n\n\n<p>El mandatario acot\u00f3 que \u201ccuando tenes una asociaci\u00f3n organizada, realmente aparecen las soluciones y podemos contar con un factor que es el motor para hacer surgir todas estas grandes cosas para que estemos m\u00e1s seguros\u201d, en alusi\u00f3n a todos los miembros de este sector, en funci\u00f3n de su permanente voluntariado para con la sociedad.<\/p>\n\n\n\n<p>Siguiendo, Vald\u00e9s destac\u00f3 el principal aporte de las fuerzas vivas, \u201cdejando de lado cosas individuales para convertirse en trabajadores del bienestar com\u00fan\u201d, en alusi\u00f3n a los integrantes del flamante cuartel.<\/p>\n\n\n\n<p>En otro orden de temas, el gobernador anunci\u00f3 que pr\u00f3ximamente se donar\u00e1n 36 autobombas a los distintos cuarteles de bomberos desde las brigadas forestales, ante el aplauso del p\u00fablico. \u201cEstamos mejor preparados que antes por la cat\u00e1strofe que sufrimos\u201d, acot\u00f3 el mismo, en referencia \u201cal aprendizaje logrado\u201d tras los incendios de 2022 en la provincia.<\/p>\n\n\n\n<p><strong>Eulogio M\u00e1rquez<\/strong><\/p>\n\n\n\n<p>Al tomar la palabra en su breve discurso, el Director de Defensa Civil de la provincia, Eulogio M\u00e1rquez, se refiri\u00f3 a que \u201cno solo es la inauguraci\u00f3n de un edificio, es la culminaci\u00f3n de una asociaci\u00f3n que es ejemplo en la provincia, solo tiene 7 a\u00f1os de vida y ha demostrado una gran administraci\u00f3n que lo podemos ver en sus veh\u00edculos, lo vamos a ver en sus equipamientos, y en el edificio que hoy inauguramos\u201d y remarc\u00f3 que \u201ceste edificio fue posible por el aporte de los socios, por la Comisi\u00f3n directiva pero tambi\u00e9n de los subsidios que recibiera de la provincia y de la naci\u00f3n y supieron administrarla, esto significa que cuando hay una comisi\u00f3n directiva y un cuerpo activo serio, es posible en tan poco tiempo crecer tan grande\u201d.<\/p>\n\n\n\n<p><strong>Presencias en ambos actos<\/strong><\/p>\n\n\n\n<p>Estuvieron presentes junto al gobernador Vald\u00e9s y al intendente municipal, Sebasti\u00e1n Insaurralde; el vicepresidente del Senado Henry Fick, los ministros del Poder Ejecutivo, de Salud, Ricardo Cardozo; legisladores nacionales y provinciales; secretarios y subsecretarios del Gobierno provincial; la directora del Hospital, Gabina Pelozo, personal del hospital; el director de Defensa Civil, Eulogio M\u00e1rquez y la presidenta de la Asociaci\u00f3n de Bomberos Voluntarios de 9 de Julio, Rosa Piriz.&nbsp; &nbsp;<\/p>\n\n\n\n<figure class=\"wp-block-gallery has-nested-images columns-default is-cropped wp-block-gallery-1 is-layout-flex wp-block-gallery-is-layout-flex\">\n<figure class=\"wp-block-image size-large\"><img loading=\"lazy\" decoding=\"async\" width=\"1000\" height=\"666\" data-id=\"137971\" src=\"https:\/\/corrientesdetarde.com\/wp-content\/uploads\/2024\/04\/2.jpg\" alt=\"\" class=\"wp-image-137971\" srcset=\"https:\/\/corrientesdetarde.com\/wp-content\/uploads\/2024\/04\/2.jpg 1000w, https:\/\/corrientesdetarde.com\/wp-content\/uploads\/2024\/04\/2-300x200.jpg 300w, https:\/\/corrientesdetarde.com\/wp-content\/uploads\/2024\/04\/2-768x511.jpg 768w\" sizes=\"auto, (max-width: 1000px) 100vw, 1000px\" \/><\/figure>\n\n\n\n<figure class=\"wp-block-image size-large\"><img loading=\"lazy\" decoding=\"async\" width=\"1000\" height=\"666\" data-id=\"137973\" src=\"https:\/\/corrientesdetarde.com\/wp-content\/uploads\/2024\/04\/1.jpg\" alt=\"\" class=\"wp-image-137973\" srcset=\"https:\/\/corrientesdetarde.com\/wp-content\/uploads\/2024\/04\/1.jpg 1000w, https:\/\/corrientesdetarde.com\/wp-content\/uploads\/2024\/04\/1-300x200.jpg 300w, https:\/\/corrientesdetarde.com\/wp-content\/uploads\/2024\/04\/1-768x511.jpg 768w\" sizes=\"auto, (max-width: 1000px) 100vw, 1000px\" \/><\/figure>\n<\/figure>\n","protected":false},"excerpt":{"rendered":"<p>Culminando su recorrido por el interior, el gobernador Gustavo Vald\u00e9s inaugur\u00f3 las obras de remodelaci\u00f3n en el Hospital de 9 de Julio. El nosocomio cuenta con salas de internaci\u00f3n, laboratorio,&hellip; <\/p>\n","protected":false},"author":12,"featured_media":137974,"comment_status":"closed","ping_status":"open","sticky":false,"template":"","format":"standard","meta":{"footnotes":""},"categories":[1658],"tags":[],"class_list":["post-137967","post","type-post","status-publish","format-standard","has-post-thumbnail","hentry","category-interior"],"_links":{"self":[{"href":"https:\/\/corrientesdetarde.com\/index.php\/wp-json\/wp\/v2\/posts\/137967","targetHints":{"allow":["GET"]}}],"collection":[{"href":"https:\/\/corrientesdetarde.com\/index.php\/wp-json\/wp\/v2\/posts"}],"about":[{"href":"https:\/\/corrientesdetarde.com\/index.php\/wp-json\/wp\/v2\/types\/post"}],"author":[{"embeddable":true,"href":"https:\/\/corrientesdetarde.com\/index.php\/wp-json\/wp\/v2\/users\/12"}],"replies":[{"embeddable":true,"href":"https:\/\/corrientesdetarde.com\/index.php\/wp-json\/wp\/v2\/comments?post=137967"}],"version-history":[{"count":1,"href":"https:\/\/corrientesdetarde.com\/index.php\/wp-json\/wp\/v2\/posts\/137967\/revisions"}],"predecessor-version":[{"id":137975,"href":"https:\/\/corrientesdetarde.com\/index.php\/wp-json\/wp\/v2\/posts\/137967\/revisions\/137975"}],"wp:featuredmedia":[{"embeddable":true,"href":"https:\/\/corrientesdetarde.com\/index.php\/wp-json\/wp\/v2\/media\/137974"}],"wp:attachment":[{"href":"https:\/\/corrientesdetarde.com\/index.php\/wp-json\/wp\/v2\/media?parent=137967"}],"wp:term":[{"taxonomy":"category","embeddable":true,"href":"https:\/\/corrientesdetarde.com\/index.php\/wp-json\/wp\/v2\/categories?post=137967"},{"taxonomy":"post_tag","embeddable":true,"href":"https:\/\/corrientesdetarde.com\/index.php\/wp-json\/wp\/v2\/tags?post=137967"}],"curies":[{"name":"wp","href":"https:\/\/api.w.org\/{rel}","templated":true}]}}