{"id":137968,"date":"2024-04-05T10:23:06","date_gmt":"2024-04-05T13:23:06","guid":{"rendered":"https:\/\/corrientesdetarde.com\/?p=137968"},"modified":"2024-04-05T10:23:18","modified_gmt":"2024-04-05T13:23:18","slug":"la-cruz-nico-cardozo-hoy-compartira-una-charla","status":"publish","type":"post","link":"https:\/\/corrientesdetarde.com\/index.php\/interior\/la-cruz-nico-cardozo-hoy-compartira-una-charla\/","title":{"rendered":"LA CRUZ: NICO CARDOZO HOY COMPARTIR\u00c1 UNA CHARLA"},"content":{"rendered":"\n<p>El m\u00fasico chamamecero, confirm\u00f3 que decidi\u00f3\u00a0trabajar en La Cruz Corrientes.\u00a0Este viernes,\u00a0a partir de las 20, realizar\u00e1 una charla abierta con artistas locales. En la actualidad\u00a0vive\u00a0en Buenos Aires pero tiene varios alumnos de bandone\u00f3n y acorde\u00f3n en La Cruz. Su objetivo es &#8220;formar a los m\u00fasicos de esta zona&#8221;.<\/p>\n\n\n\n<p>El joven y reconocido artista chamamecero, Nico Cardozo,&nbsp;dar\u00e1&nbsp;una charla abierta con m\u00fasica en vivo en La Cruz Corrientes.&nbsp;&#8220;Est\u00e1n todos invitados a participar de este Encuentro Chamamecero a partir de las 20&#8221;, manifest\u00f3 en una nota exclusiva a&nbsp;Cadena de Radios.&nbsp;&nbsp;<\/p>\n\n\n\n<p>Cardozo, aclar\u00f3 que si bien no conoce todas las ciudades de la provincia se enamor\u00f3 de las particularidades de La Cruz. &#8220;No conozco todos&nbsp;pueblos de Corrientes pero he andado y&nbsp;cuando&nbsp;llegu\u00e9 a La Cruz me encontr\u00e9&nbsp;con algo diferente&#8221;. Agreg\u00f3 que se&nbsp;interesa por la historia en s\u00ed, la ra\u00edz jesu\u00edtica y consider\u00f3&nbsp;que puede hacer un aporte a la cultura desde los talleres de instrumentos. &#8220;La idea ser\u00eda elevar la formaci\u00f3n de los m\u00fasicos locales y de la zona&#8221;, finiquit\u00f3.<\/p>\n\n\n\n<figure class=\"wp-block-image\"><img decoding=\"async\" src=\"https:\/\/scontent.fcnq2-2.fna.fbcdn.net\/v\/t39.30808-6\/432975485_2445621185623359_3664623042607672202_n.jpg?_nc_cat=108&amp;ccb=1-7&amp;_nc_sid=5f2048&amp;_nc_eui2=AeEL0TxbouaITay2tMR4blErz_ytfRl7yjbP_K19GXvKNit_rZ3eD0Dyn3NG6aad5xBq-fgmUsVa6a_UvQb-tPE_&amp;_nc_ohc=bwggI37_iRMAb7P10Eo&amp;_nc_ht=scontent.fcnq2-2.fna&amp;oh=00_AfB_AbGc_VTcmL4o4g6dS8SjuFWOyhQCp_f5bHT7Kqw_-g&amp;oe=6615C2E6\" alt=\"\"\/><\/figure>\n","protected":false},"excerpt":{"rendered":"<p>El m\u00fasico chamamecero, confirm\u00f3 que decidi\u00f3\u00a0trabajar en La Cruz Corrientes.\u00a0Este viernes,\u00a0a partir de las 20, realizar\u00e1 una charla abierta con artistas locales. En la actualidad\u00a0vive\u00a0en Buenos Aires pero tiene varios&hellip; <\/p>\n","protected":false},"author":12,"featured_media":137969,"comment_status":"closed","ping_status":"open","sticky":false,"template":"","format":"standard","meta":{"footnotes":""},"categories":[1658],"tags":[],"class_list":["post-137968","post","type-post","status-publish","format-standard","has-post-thumbnail","hentry","category-interior"],"_links":{"self":[{"href":"https:\/\/corrientesdetarde.com\/index.php\/wp-json\/wp\/v2\/posts\/137968","targetHints":{"allow":["GET"]}}],"collection":[{"href":"https:\/\/corrientesdetarde.com\/index.php\/wp-json\/wp\/v2\/posts"}],"about":[{"href":"https:\/\/corrientesdetarde.com\/index.php\/wp-json\/wp\/v2\/types\/post"}],"author":[{"embeddable":true,"href":"https:\/\/corrientesdetarde.com\/index.php\/wp-json\/wp\/v2\/users\/12"}],"replies":[{"embeddable":true,"href":"https:\/\/corrientesdetarde.com\/index.php\/wp-json\/wp\/v2\/comments?post=137968"}],"version-history":[{"count":1,"href":"https:\/\/corrientesdetarde.com\/index.php\/wp-json\/wp\/v2\/posts\/137968\/revisions"}],"predecessor-version":[{"id":137970,"href":"https:\/\/corrientesdetarde.com\/index.php\/wp-json\/wp\/v2\/posts\/137968\/revisions\/137970"}],"wp:featuredmedia":[{"embeddable":true,"href":"https:\/\/corrientesdetarde.com\/index.php\/wp-json\/wp\/v2\/media\/137969"}],"wp:attachment":[{"href":"https:\/\/corrientesdetarde.com\/index.php\/wp-json\/wp\/v2\/media?parent=137968"}],"wp:term":[{"taxonomy":"category","embeddable":true,"href":"https:\/\/corrientesdetarde.com\/index.php\/wp-json\/wp\/v2\/categories?post=137968"},{"taxonomy":"post_tag","embeddable":true,"href":"https:\/\/corrientesdetarde.com\/index.php\/wp-json\/wp\/v2\/tags?post=137968"}],"curies":[{"name":"wp","href":"https:\/\/api.w.org\/{rel}","templated":true}]}}