{"id":138085,"date":"2024-04-06T00:19:08","date_gmt":"2024-04-06T03:19:08","guid":{"rendered":"https:\/\/corrientesdetarde.com\/?p=138085"},"modified":"2024-04-06T00:19:19","modified_gmt":"2024-04-06T03:19:19","slug":"el-presidente-de-penarol-de-uruguay-se-refirio-a-los-incidentes-en-rosario-fue-todo-una-locura","status":"publish","type":"post","link":"https:\/\/corrientesdetarde.com\/index.php\/deportes\/el-presidente-de-penarol-de-uruguay-se-refirio-a-los-incidentes-en-rosario-fue-todo-una-locura\/","title":{"rendered":"El presidente de Pe\u00f1arol de Uruguay se refiri\u00f3 a los incidentes en Rosario: &#8220;Fue todo una locura&#8221;"},"content":{"rendered":"\n<p>La parcialidad de Rosario Central agredi\u00f3 al p\u00fablico del &#8220;Carbonero&#8221; y al defensor Maximiliano Olivera.<\/p>\n\n\n\n<p><strong>El presidente de Pe\u00f1arol de Uruguay, Ignacio Ruglio<\/strong>, se refiri\u00f3 a los lamentables&nbsp;<strong>incidentes que tuvieron lugar en el partido ante Rosario Central<\/strong>, en el estadio Gigante de Arroyito, por la primera fecha del&nbsp;<strong>Grupo G de la Copa CONMEBOL Libertadores.&nbsp;<\/strong><\/p>\n\n\n\n<p>Tras lo que fueron las agresiones que sufri\u00f3 la gente del \u201cCarbonero\u201d en la previa del partido y el corte en la cara del futbolista Maximiliano Olivera por un piedrazo desde la parcialidad del \u201cCanalla\u201d, el mandatario del equipo charr\u00faa comenz\u00f3 expresandose sobre las vallas que algunos hinchas de Rosario Central le lanzaron a la tribuna visitante:&nbsp;<strong>&#8220;Ver lo que hab\u00edan tenido que vivir, que las vallas cayeron desde arriba, y despu\u00e9s cuando los jugadores van a saludar a la hinchada recibir una piedra de ese tama\u00f1o&#8230; Fue una locura. Veremos ahora. Hay que tener dos d\u00edas en el f\u00fatbol para saber que esas vallas iban a volar a la gente&#8221;.<\/strong>&nbsp;<\/p>\n\n\n\n<p><strong>&#8220;Son m\u00e1s cosas de las Copas de los 80 \u00f3 90, o los 70,&nbsp;que Pe\u00f1arol las supo jugar de esa manera. En tiempos de ahora no deber\u00eda correr. La sanci\u00f3n a Rosario Central es cuesti\u00f3n de Conmebol y autoridades. Ellos sabr\u00e1n lo que tienen que hacer. Nosotros queremos ver es qu\u00e9 pusieron en el informe y lo que nos toc\u00f3 vivir, lo que le toc\u00f3 vivir a Maxi. En los tiempos que corren es una locura.&nbsp;Le pas\u00f3 a un cent\u00edmetro del ojo. Son cosas que no deber\u00edan pasar. Se la tir\u00f3 a ocho metros y de frente, sin un alambrado ni nada.&nbsp;No deber\u00edan pasar en estas \u00e9pocas. No soy yo quien tiene que poner las penas ni multas&#8221;<\/strong>&nbsp;a\u00f1adi\u00f3 Ruglio.<\/p>\n\n\n\n<p>Adem\u00e1s, el presidente del \u201cCarbonero\u201d explic\u00f3 que ya hace varios d\u00edas habia empezado la locura:&nbsp;<strong>&#8220;Ya hab\u00eda empezado hace varios d\u00edas.&nbsp;Lo hab\u00edamos dicho y dejado por escrito, era una locura el espacio que le dieron a Pe\u00f1arol para 2800 entradas.&nbsp;Era imposible que ah\u00ed entraran 2800 personas. Despu\u00e9s tambi\u00e9n dejamos por escrito y, en las reuniones de seguridad hablamos claro, era imposible que nos pusieran abajo con gente arriba y que pusieran vallado arriba&#8221;.&nbsp;<\/strong><\/p>\n\n\n\n<p><strong>&#8220;Nos sacaron a dar una vuelta por todo Rosario.&nbsp;Estando a 12 cuadras del estadio nos hicieron llegar 20 minutos tarde&#8221;&nbsp;<\/strong>declar\u00f3 Ruglio refiri\u00e9ndose al trato que tuvo la polic\u00eda santafesina para con la parcialidad de uno de los dos clubes m\u00e1s populares de Uruguay.&nbsp;<\/p>\n\n\n\n<p>Por \u00faltimo, el mandatario del club uruguayo se refiri\u00f3 por las bombas de estruendo que lanzaron desde la tribuna de Pe\u00f1arol hacia la platea del equipo rosarino:&nbsp;<strong>&#8220;Hay organismos pertinentes de tomar la sanci\u00f3n. Si hay algo de eso, que algo me lleg\u00f3, tendr\u00e1n que relatarlo y habr\u00e1 que hacerse cargo.&nbsp;Lo que quieren intentar justificar es que por una bomba de estruendo tiraron cuatro vallas desde arriba. Ahora vamos a ver los informes de los veedores de Conmebol si reflejan lo que nos pas\u00f3.&nbsp;En base a los informes, vamos a hacer nuestro descargo y la descripci\u00f3n de lo que nos toc\u00f3 vivir&#8221;.&nbsp;<\/strong><\/p>\n","protected":false},"excerpt":{"rendered":"<p>La parcialidad de Rosario Central agredi\u00f3 al p\u00fablico del &#8220;Carbonero&#8221; y al defensor Maximiliano Olivera. El presidente de Pe\u00f1arol de Uruguay, Ignacio Ruglio, se refiri\u00f3 a los lamentables&nbsp;incidentes que tuvieron&hellip; <\/p>\n","protected":false},"author":4,"featured_media":138086,"comment_status":"closed","ping_status":"open","sticky":false,"template":"","format":"standard","meta":{"footnotes":""},"categories":[4],"tags":[],"class_list":["post-138085","post","type-post","status-publish","format-standard","has-post-thumbnail","hentry","category-deportes"],"_links":{"self":[{"href":"https:\/\/corrientesdetarde.com\/index.php\/wp-json\/wp\/v2\/posts\/138085","targetHints":{"allow":["GET"]}}],"collection":[{"href":"https:\/\/corrientesdetarde.com\/index.php\/wp-json\/wp\/v2\/posts"}],"about":[{"href":"https:\/\/corrientesdetarde.com\/index.php\/wp-json\/wp\/v2\/types\/post"}],"author":[{"embeddable":true,"href":"https:\/\/corrientesdetarde.com\/index.php\/wp-json\/wp\/v2\/users\/4"}],"replies":[{"embeddable":true,"href":"https:\/\/corrientesdetarde.com\/index.php\/wp-json\/wp\/v2\/comments?post=138085"}],"version-history":[{"count":1,"href":"https:\/\/corrientesdetarde.com\/index.php\/wp-json\/wp\/v2\/posts\/138085\/revisions"}],"predecessor-version":[{"id":138110,"href":"https:\/\/corrientesdetarde.com\/index.php\/wp-json\/wp\/v2\/posts\/138085\/revisions\/138110"}],"wp:featuredmedia":[{"embeddable":true,"href":"https:\/\/corrientesdetarde.com\/index.php\/wp-json\/wp\/v2\/media\/138086"}],"wp:attachment":[{"href":"https:\/\/corrientesdetarde.com\/index.php\/wp-json\/wp\/v2\/media?parent=138085"}],"wp:term":[{"taxonomy":"category","embeddable":true,"href":"https:\/\/corrientesdetarde.com\/index.php\/wp-json\/wp\/v2\/categories?post=138085"},{"taxonomy":"post_tag","embeddable":true,"href":"https:\/\/corrientesdetarde.com\/index.php\/wp-json\/wp\/v2\/tags?post=138085"}],"curies":[{"name":"wp","href":"https:\/\/api.w.org\/{rel}","templated":true}]}}