{"id":138121,"date":"2024-04-06T01:00:22","date_gmt":"2024-04-06T04:00:22","guid":{"rendered":"https:\/\/corrientesdetarde.com\/?p=138121"},"modified":"2024-04-06T01:00:34","modified_gmt":"2024-04-06T04:00:34","slug":"la-provincia-reconoce-labor-social-y-deportiva-del-club-taraguy-en-las-carceles","status":"publish","type":"post","link":"https:\/\/corrientesdetarde.com\/index.php\/sociales\/la-provincia-reconoce-labor-social-y-deportiva-del-club-taraguy-en-las-carceles\/","title":{"rendered":"La Provincia reconoce labor social y deportiva del Club Taraguy en las c\u00e1rceles"},"content":{"rendered":"\n<p>Funcionarios del Ministerio de Seguridad, de la Polic\u00eda y del Servicio Penitenciario realizaron este viernes un acto para reconocer el acompa\u00f1amiento y colaboraci\u00f3n del Taraguy Rugby Club en las distintas actividades deportivas propuestas por la Fundaci\u00f3n Espartanos.<\/p>\n\n\n\n<figure class=\"wp-block-image size-full\"><img loading=\"lazy\" decoding=\"async\" width=\"515\" height=\"275\" src=\"https:\/\/corrientesdetarde.com\/wp-content\/uploads\/2024\/04\/image-106.png\" alt=\"\" class=\"wp-image-138122\" srcset=\"https:\/\/corrientesdetarde.com\/wp-content\/uploads\/2024\/04\/image-106.png 515w, https:\/\/corrientesdetarde.com\/wp-content\/uploads\/2024\/04\/image-106-300x160.png 300w\" sizes=\"auto, (max-width: 515px) 100vw, 515px\" \/><\/figure>\n\n\n\n<p>El acto tuvo lugar en el Establecimiento Penitenciario N\u00b01, ubicado en San Cayetano. All\u00ed tambi\u00e9n tuvo lugar un encuentro de rugby seven con la participaci\u00f3n del equipo de Espartanos, conformado por personas privadas de su libertad y otras que han cumplido su condena. El programa del Ministerio de Seguridad tiene como objetivo la exitosa reinserci\u00f3n de los internos en la sociedad.<\/p>\n\n\n\n<figure class=\"wp-block-image size-full\"><img loading=\"lazy\" decoding=\"async\" width=\"518\" height=\"288\" src=\"https:\/\/corrientesdetarde.com\/wp-content\/uploads\/2024\/04\/image-107.png\" alt=\"\" class=\"wp-image-138123\" srcset=\"https:\/\/corrientesdetarde.com\/wp-content\/uploads\/2024\/04\/image-107.png 518w, https:\/\/corrientesdetarde.com\/wp-content\/uploads\/2024\/04\/image-107-300x167.png 300w\" sizes=\"auto, (max-width: 518px) 100vw, 518px\" \/><\/figure>\n\n\n\n<p>Particip\u00f3 el jefe del Servicio Penitenciario, Guillermo Sotelo; el jefe de la Polic\u00eda, Arnaldo Molina; el subsecretario de Seguridad, Osvaldo Garc\u00eda; el subsecretario de Seguridad Vial, Juan Saloj y directivos de los clubes Taraguy, Aranduroga y San Patricio.<\/p>\n\n\n\n<figure class=\"wp-block-image size-large\"><img loading=\"lazy\" decoding=\"async\" width=\"1024\" height=\"570\" src=\"https:\/\/corrientesdetarde.com\/wp-content\/uploads\/2024\/04\/image-108-1024x570.png\" alt=\"\" class=\"wp-image-138124\" srcset=\"https:\/\/corrientesdetarde.com\/wp-content\/uploads\/2024\/04\/image-108-1024x570.png 1024w, https:\/\/corrientesdetarde.com\/wp-content\/uploads\/2024\/04\/image-108-300x167.png 300w, https:\/\/corrientesdetarde.com\/wp-content\/uploads\/2024\/04\/image-108-768x427.png 768w, https:\/\/corrientesdetarde.com\/wp-content\/uploads\/2024\/04\/image-108.png 1273w\" sizes=\"auto, (max-width: 1024px) 100vw, 1024px\" \/><\/figure>\n","protected":false},"excerpt":{"rendered":"<p>Funcionarios del Ministerio de Seguridad, de la Polic\u00eda y del Servicio Penitenciario realizaron este viernes un acto para reconocer el acompa\u00f1amiento y colaboraci\u00f3n del Taraguy Rugby Club en las distintas&hellip; <\/p>\n","protected":false},"author":4,"featured_media":138125,"comment_status":"closed","ping_status":"open","sticky":false,"template":"","format":"standard","meta":{"footnotes":""},"categories":[17],"tags":[],"class_list":["post-138121","post","type-post","status-publish","format-standard","has-post-thumbnail","hentry","category-sociales"],"_links":{"self":[{"href":"https:\/\/corrientesdetarde.com\/index.php\/wp-json\/wp\/v2\/posts\/138121","targetHints":{"allow":["GET"]}}],"collection":[{"href":"https:\/\/corrientesdetarde.com\/index.php\/wp-json\/wp\/v2\/posts"}],"about":[{"href":"https:\/\/corrientesdetarde.com\/index.php\/wp-json\/wp\/v2\/types\/post"}],"author":[{"embeddable":true,"href":"https:\/\/corrientesdetarde.com\/index.php\/wp-json\/wp\/v2\/users\/4"}],"replies":[{"embeddable":true,"href":"https:\/\/corrientesdetarde.com\/index.php\/wp-json\/wp\/v2\/comments?post=138121"}],"version-history":[{"count":1,"href":"https:\/\/corrientesdetarde.com\/index.php\/wp-json\/wp\/v2\/posts\/138121\/revisions"}],"predecessor-version":[{"id":138126,"href":"https:\/\/corrientesdetarde.com\/index.php\/wp-json\/wp\/v2\/posts\/138121\/revisions\/138126"}],"wp:featuredmedia":[{"embeddable":true,"href":"https:\/\/corrientesdetarde.com\/index.php\/wp-json\/wp\/v2\/media\/138125"}],"wp:attachment":[{"href":"https:\/\/corrientesdetarde.com\/index.php\/wp-json\/wp\/v2\/media?parent=138121"}],"wp:term":[{"taxonomy":"category","embeddable":true,"href":"https:\/\/corrientesdetarde.com\/index.php\/wp-json\/wp\/v2\/categories?post=138121"},{"taxonomy":"post_tag","embeddable":true,"href":"https:\/\/corrientesdetarde.com\/index.php\/wp-json\/wp\/v2\/tags?post=138121"}],"curies":[{"name":"wp","href":"https:\/\/api.w.org\/{rel}","templated":true}]}}