{"id":138127,"date":"2024-04-06T08:00:05","date_gmt":"2024-04-06T11:00:05","guid":{"rendered":"https:\/\/corrientesdetarde.com\/?p=138127"},"modified":"2024-04-06T08:00:11","modified_gmt":"2024-04-06T11:00:11","slug":"corrientes-agudiza-su-lucha-contra-el-dengue-con-vacunas-y-repelentes","status":"publish","type":"post","link":"https:\/\/corrientesdetarde.com\/index.php\/bienestar-y-salud\/corrientes-agudiza-su-lucha-contra-el-dengue-con-vacunas-y-repelentes\/","title":{"rendered":"Corrientes agudiza su lucha contra el dengue con vacunas y repelentes"},"content":{"rendered":"\n<p>El lunes, en Casa de Gobierno, la Provincia lanzar\u00e1 la campa\u00f1a de vacunaci\u00f3n contra esa enfermedad. Adem\u00e1s, IOSCOR anunci\u00f3 que ya est\u00e1n disponibles en las farmacias 15.000 dosis con una cobertura del 50% para sus afiliados. PLAMECOR retom\u00f3 la producci\u00f3n de repelente.<\/p>\n\n\n\n<p>En Corrientes, actualmente, hay m\u00e1s de 250 casos de dengue activos (seg\u00fan \u00faltimos datos de Salud P\u00fablica). La presencia de la enfermedad transmitida por el mosquito Aedes aegpti no es algo nuevo en el Tarag\u00fc\u00ed, m\u00e1s all\u00e1 de que el pa\u00eds vive un brote hist\u00f3rico, con m\u00e1s de 180.000 casos confirmados durante esta temporada y cerca de 130 muertes.<\/p>\n\n\n\n<p>Ante este panorama epid\u00e9mico, la administraci\u00f3n correntina decidi\u00f3 robustecer la lucha contra el dengue y el lunes por la ma\u00f1ana, en Casa de Gobierno, se lanzar\u00e1 una campa\u00f1a de vacunaci\u00f3n espec\u00edfica para personas que no cuentan con obra social.<\/p>\n\n\n\n<p>Hay que recordar que a mediados de marzo, el gobernador Gustavo Vald\u00e9s anunci\u00f3 que fueron compradas por la provincia 200.000 dosis y que las personas de 20 a 40 a\u00f1os ser\u00edan las primeras en recibir las inoculaciones porque son quienes presentan m\u00e1s dificultades con la enfermedad.<\/p>\n\n\n\n<figure class=\"wp-block-image\"><img decoding=\"async\" src=\"https:\/\/www.diarioepoca.com\/content\/bucket\/5\/1356225w380h222c.jpg.webp\" alt=\"\"\/><figcaption class=\"wp-element-caption\">EN LAS \u00daLTIMAS 48 HORAS, PLAMECOR PRODUJO 8.000 FRASCOS DE UN TOTAL FINAL DE 40.000.<\/figcaption><\/figure>\n\n\n\n<p>De igual modo, autoridades del Instituto de Obra Social de Corrientes (IOSCOR) informaron ayer a \u00e9poca que ya est\u00e1n disponibles unas 15.000 vacunas &#8220;Qdenga&#8221; en las farmacias locales a las que sus afiliados pueden acceder con una cobertura del 50% en su adquisici\u00f3n bajo receta.<\/p>\n\n\n\n<p>&#8220;Qdenga&#8221; es una vacuna tetravalente viva y atenuada que se administra en dos dosis para prevenir la enfermedad en un programa de hasta 90 d\u00edas.<\/p>\n\n\n\n<h2 class=\"wp-block-heading\">Lleg\u00f3 el &#8220;deet&#8221; a PLAMECOR<\/h2>\n\n\n\n<p>El director de la Planta de Medicamentos de Corrientes (PLAMECOR), Andr\u00e9s Guglielmone, dijo a este matutino que el jueves \u00faltimo lleg\u00f3 a la provincia una partida del principio activo (&#8220;deet&#8221;) importado de China con el que se elabora repelente.<\/p>\n\n\n\n<p>Merced a ello, el equipo de PLAMECOR retom\u00f3 la elaboraci\u00f3n de ese componente que luego ser\u00e1 distribuido por la Droguer\u00eda Central de la Provincia en forma gratuita a los centros de salud.<\/p>\n\n\n\n<p>&#8220;Estamos en plena producci\u00f3n, ya se hicieron (entre el jueves y el viernes) unos 8.000 frascos de 100 mililitros cada uno. La idea es producir un total de 40.000 frascos en poco m\u00e1s de 15 d\u00edas&#8221;, confi\u00f3 Guglielmone.<\/p>\n\n\n\n<p>&#8220;Este repelente tiene un 15% de concentraci\u00f3n de deet (principio activo). Es alta a diferencia de las presentaciones comerciales que tienen un 10% y es una soluci\u00f3n l\u00edquida, ni crema ni pomada. Adem\u00e1s tiene un costo muy inferior a lo que ser\u00eda la compra en farmacias o droguer\u00edas&#8221;, describi\u00f3.<\/p>\n\n\n\n<p>El titular de PLAMECOR rese\u00f1\u00f3 que entre enero y febrero ya se hizo una producci\u00f3n de 40.000 frascos de repelente (cuatro mil litros), todo eso ya fue distribuido en la red sanitaria p\u00fablica.<\/p>\n\n\n\n<h2 class=\"wp-block-heading\">Semblanteo de situaci\u00f3n<\/h2>\n\n\n\n<p><br>El ministro de Salud P\u00fablica Ricardo Cardozo evalu\u00f3 las acciones realizadas en la lucha contra el dengue. &#8220;Tenemos 250 casos activos a la fecha, aproximadamente. Esto es din\u00e1mico y se modifica d\u00eda a d\u00eda&#8221;, puntualiz\u00f3.<\/p>\n\n\n\n<p>&#8220;La tropicalizaci\u00f3n del clima nos juega en contra y es importante que la poblaci\u00f3n sepa que esto seguir\u00e1, por lo que continuaremos trabajando de la misma manera, con control focal en cada caso para evitar que se propague la enfermedad y eso implica recurso humano, fumigaci\u00f3n y el uso de repelente&#8221;, afirm\u00f3 y remarc\u00f3: &#8220;Continuamos con la b\u00fasqueda de febriles para que precozmente podamos diagnosticar cada caso y hacer el seguimiento&#8221;, remarc\u00f3.<\/p>\n\n\n\n<p>Respecto a la fumigaci\u00f3n, Cardozo explic\u00f3: &#8220;Tenemos muy claro en qu\u00e9 circunstancias hacerlo: cuando detectamos un paciente positivo, fumigamos el peridomicilio, es decir en los alrededores. Esto se llama bloqueo vectorial e impide que se propague la enfermedad.<\/p>\n\n\n\n<p>&#8220;En cuanto a la fumigaci\u00f3n espacial, no es muy efectiva. Lo hacemos cuando hay eventos masivos, como el Festival del Chamam\u00e9 o el carnaval&#8221;, ampli\u00f3.<\/p>\n\n\n\n<p>A modo de cierre, dijo: &#8220;Vemos que la gente que tuvo dengue o familiares con la enfermedad toma conciencia y es la que m\u00e1s se preocupa, pero el resto de la poblaci\u00f3n todav\u00eda no toma conciencia de la gravedad del tema&#8221;.<\/p>\n\n\n\n<h2 class=\"wp-block-heading\">La Universidad Chaco Austral tambi\u00e9n produce<\/h2>\n\n\n\n<figure class=\"wp-block-image\"><img decoding=\"async\" src=\"https:\/\/www.diarioepoca.com\/content\/bucket\/1\/1356251w380h329c.jpg.webp\" alt=\"\"\/><\/figure>\n\n\n\n<p>Una de las provincias del pa\u00eds m\u00e1s afectadas por el dengue es Chaco y, frente al faltante de repelentes, la Universidad del Chaco Austral dio a conocer que realiza su propio componente. Germ\u00e1n Oestmann, rector de esa casa de altos estudios, destac\u00f3 que el proyecto comenz\u00f3 con fines acad\u00e9micos y cient\u00edficos, as\u00ed como tambi\u00e9n de car\u00e1cter formativo.<\/p>\n\n\n\n<p>&#8220;Dada la situaci\u00f3n, lo habilitamos en la ANMAT. Es un producto que elaboramos hace varios a\u00f1os y que consta de ser un repelente muy efectivo contra cualquier tipo de insecto, pero tambi\u00e9n contra el mosquito que transmite el dengue&#8221;, explic\u00f3. La autoridad acad\u00e9mica se\u00f1al\u00f3 que al haber sido habilitado por la administraci\u00f3n lograron comercializarlo en distintos supermercados y cadenas de farmacias de toda la provincia. &#8220;Se han contactado con nosotros de distintas provincias y hemos llegado a lo que es nuestra capacidad productiva. Hoy, el m\u00e1ximo que podemos hacer son 4.500 repelentes diarios&#8221;, indic\u00f3.<\/p>\n\n\n\n<figure class=\"wp-block-image\"><img decoding=\"async\" src=\"https:\/\/www.diarioepoca.com\/content\/bucket\/3\/1356253w380h193c.jpg.webp\" alt=\"\"\/><\/figure>\n\n\n\n<p>Acerca del precio, Oestmann aclar\u00f3 que no hacen venta minorista, sino que cierran directamente con las distribuidoras: &#8220;Nosotros sugerimos que tengan un precio cercano a los 5.000 pesos. En nuestra zona es totalmente efectivo. Dura entre 4 y 6 horas en altas temperaturas en espacios abiertos, mientras que en espacios cerrados con temperaturas m\u00e1s bajas dura m\u00e1s&#8221;.<\/p>\n\n\n\n<figure class=\"wp-block-image\"><img decoding=\"async\" src=\"https:\/\/www.diarioepoca.com\/content\/bucket\/4\/1356254w380h220c.jpg.webp\" alt=\"\"\/><\/figure>\n\n\n\n<p>Asimismo, anticip\u00f3 que trabajan para poder hacer que el repelente llegue a Buenos Aires en los pr\u00f3ximos d\u00edas. &#8220;Producimos 4.500 por d\u00eda, no es un producto de mercado nacional, pero es un peque\u00f1o aporte que hacemos&#8221;.<\/p>\n\n\n\n<h2 class=\"wp-block-heading\">La importancia del diagn\u00f3stico temprano<\/h2>\n\n\n\n<figure class=\"wp-block-image\"><img decoding=\"async\" src=\"https:\/\/www.diarioepoca.com\/content\/bucket\/2\/1356252w380h245c.jpg.webp\" alt=\"\"\/><\/figure>\n\n\n\n<p>El ministro de Salud P\u00fablica, Ricardo Cardozo, hizo un llamado a la poblaci\u00f3n a fin de que ante s\u00edntomas de dengue concurran al m\u00e9dico destacando la importancia del diagn\u00f3stico precoz de esta enfermedad.<\/p>\n\n\n\n<p>&#8220;Los s\u00edntomas generales son fiebre, dolores generalizados, manchas en la piel y entre otras cosas, pero tambi\u00e9n hay otros cuadros cl\u00ednicos y, en este sentido, la deshidrataci\u00f3n es el punto crucial que se est\u00e1 dando y muchas veces los j\u00f3venes no se dan cuenta de que se est\u00e1n deshidratando porque tienen mecanismos de compensaci\u00f3n y concurren tard\u00edamente a la consulta m\u00e9dica&#8221;, puntualiz\u00f3.<\/p>\n\n\n\n<p>&#8220;Por eso insistimos en que la gente concurra precozmente ante s\u00edntomas a la consulta m\u00e9dica, m\u00e1s a la poblaci\u00f3n joven&#8221;, complet\u00f3.<\/p>\n","protected":false},"excerpt":{"rendered":"<p>El lunes, en Casa de Gobierno, la Provincia lanzar\u00e1 la campa\u00f1a de vacunaci\u00f3n contra esa enfermedad. Adem\u00e1s, IOSCOR anunci\u00f3 que ya est\u00e1n disponibles en las farmacias 15.000 dosis con una&hellip; <\/p>\n","protected":false},"author":3,"featured_media":138128,"comment_status":"closed","ping_status":"open","sticky":false,"template":"","format":"standard","meta":{"footnotes":""},"categories":[16],"tags":[],"class_list":["post-138127","post","type-post","status-publish","format-standard","has-post-thumbnail","hentry","category-bienestar-y-salud"],"_links":{"self":[{"href":"https:\/\/corrientesdetarde.com\/index.php\/wp-json\/wp\/v2\/posts\/138127","targetHints":{"allow":["GET"]}}],"collection":[{"href":"https:\/\/corrientesdetarde.com\/index.php\/wp-json\/wp\/v2\/posts"}],"about":[{"href":"https:\/\/corrientesdetarde.com\/index.php\/wp-json\/wp\/v2\/types\/post"}],"author":[{"embeddable":true,"href":"https:\/\/corrientesdetarde.com\/index.php\/wp-json\/wp\/v2\/users\/3"}],"replies":[{"embeddable":true,"href":"https:\/\/corrientesdetarde.com\/index.php\/wp-json\/wp\/v2\/comments?post=138127"}],"version-history":[{"count":1,"href":"https:\/\/corrientesdetarde.com\/index.php\/wp-json\/wp\/v2\/posts\/138127\/revisions"}],"predecessor-version":[{"id":138129,"href":"https:\/\/corrientesdetarde.com\/index.php\/wp-json\/wp\/v2\/posts\/138127\/revisions\/138129"}],"wp:featuredmedia":[{"embeddable":true,"href":"https:\/\/corrientesdetarde.com\/index.php\/wp-json\/wp\/v2\/media\/138128"}],"wp:attachment":[{"href":"https:\/\/corrientesdetarde.com\/index.php\/wp-json\/wp\/v2\/media?parent=138127"}],"wp:term":[{"taxonomy":"category","embeddable":true,"href":"https:\/\/corrientesdetarde.com\/index.php\/wp-json\/wp\/v2\/categories?post=138127"},{"taxonomy":"post_tag","embeddable":true,"href":"https:\/\/corrientesdetarde.com\/index.php\/wp-json\/wp\/v2\/tags?post=138127"}],"curies":[{"name":"wp","href":"https:\/\/api.w.org\/{rel}","templated":true}]}}