{"id":138130,"date":"2024-04-06T08:01:28","date_gmt":"2024-04-06T11:01:28","guid":{"rendered":"https:\/\/corrientesdetarde.com\/?p=138130"},"modified":"2024-04-06T08:01:39","modified_gmt":"2024-04-06T11:01:39","slug":"luis-caputo-la-inflacion-de-marzo-va-a-estar-en-torno-al-10-por-ciento","status":"publish","type":"post","link":"https:\/\/corrientesdetarde.com\/index.php\/economia\/luis-caputo-la-inflacion-de-marzo-va-a-estar-en-torno-al-10-por-ciento\/","title":{"rendered":"Luis Caputo: &#8220;La inflaci\u00f3n de marzo va a estar en torno al 10 por ciento&#8221;"},"content":{"rendered":"\n<p>El ministro de Econom\u00eda anticip\u00f3 una fuerte baja en el \u00edndice de precios al consumidor que el Indec informar\u00e1 el pr\u00f3ximo 12 de abril. &#8220;La inflaci\u00f3n est\u00e1 colapsando&#8221;, asegur\u00f3. Adem\u00e1s, cuestion\u00f3 la suba desmedidas de las prepagas: &#8220;Se les recontra fue la mano. A mi me molest\u00f3&#8221;<\/p>\n\n\n\n<p>El ministro de Econom\u00eda, Luis Caputo, se\u00f1al\u00f3 que &#8220;la inflaci\u00f3n de marzo va a estar en torno al 10 por ciento&#8221;, anticip\u00e1ndose al dato oficial que el Indec difundir\u00e1 el pr\u00f3ximo 12 de abril. Agreg\u00f3 que &#8220;la inflaci\u00f3n n\u00facleo estar\u00e1 en un d\u00edgito&#8221; en el mes que acaba de terminar.<\/p>\n\n\n\n<p>&#8220;La inflaci\u00f3n est\u00e1 colapsando. En el caso de los alimentos y bebidas, si se miran los datos de supermercados de la primer semana de abril est\u00e1 dando negativo, hay deflaci\u00f3n&#8221;, explic\u00f3 el funcionario en declaraciones a TN.<\/p>\n\n\n\n<p>&#8220;Los comerciantes mismos reconoc\u00edan que fijaron sus precios con un d\u00f3lar de $2.000. En ese momento era lo que les pronosticaban las consultoras econ\u00f3micas que la mayor\u00eda de los empresarios tienen. Era natural que ellos reaccionaran de acuerdo a eso. Pusieron muy por arriba los precios; por eso en d\u00f3lares quedaron desfasados&#8221;, detall\u00f3 el ministro.<\/p>\n\n\n\n<p>&#8220;A muchos se les recontra fue la mano. Es lo que pas\u00f3 con las prepagas. A mi me molest\u00f3&#8221;, dijo. Agreg\u00f3 que se reunir\u00e1 con las empresas de medicina privada y que impulsar\u00e1 una mayor competencia en el sector.<\/p>\n\n\n\n<p>Despu\u00e9s hay casos como la carne, que volvi\u00f3 a los niveles de diciembre y hay cada vez m\u00e1s. Lo importante de entender es que se lleg\u00f3 a esta situaci\u00f3n no de casualidad. La rareza fue que Argentina por primera vez hizo los deberes y r\u00e1pidamente&#8221;, agreg\u00f3<\/p>\n\n\n\n<p>&#8220;Estamos yendo por un modelo diferente. L\u00f3gicamente en el ADN del argentino est\u00e1 que todo va a salir mal y que va a ser todo lo mismo, pero tenemos que entender que para que el pa\u00eds cambie, todos tenemos que cambiar ciertas conductas. En el caso de los empresarios era algo bien concreto, porque explic\u00e1ndoles el programa econ\u00f3mico y ellos reconociendo que hab\u00edan calculado sus precios con el d\u00f3lar a $2.000, ten\u00edan la opci\u00f3n de esperar al d\u00f3lar o de retrotraer los precios y muchos est\u00e1n optando por eso&#8221;, sum\u00f3 Caputo.<\/p>\n","protected":false},"excerpt":{"rendered":"<p>El ministro de Econom\u00eda anticip\u00f3 una fuerte baja en el \u00edndice de precios al consumidor que el Indec informar\u00e1 el pr\u00f3ximo 12 de abril. &#8220;La inflaci\u00f3n est\u00e1 colapsando&#8221;, asegur\u00f3. Adem\u00e1s,&hellip; <\/p>\n","protected":false},"author":3,"featured_media":138131,"comment_status":"closed","ping_status":"open","sticky":false,"template":"","format":"standard","meta":{"footnotes":""},"categories":[20],"tags":[],"class_list":["post-138130","post","type-post","status-publish","format-standard","has-post-thumbnail","hentry","category-economia"],"_links":{"self":[{"href":"https:\/\/corrientesdetarde.com\/index.php\/wp-json\/wp\/v2\/posts\/138130","targetHints":{"allow":["GET"]}}],"collection":[{"href":"https:\/\/corrientesdetarde.com\/index.php\/wp-json\/wp\/v2\/posts"}],"about":[{"href":"https:\/\/corrientesdetarde.com\/index.php\/wp-json\/wp\/v2\/types\/post"}],"author":[{"embeddable":true,"href":"https:\/\/corrientesdetarde.com\/index.php\/wp-json\/wp\/v2\/users\/3"}],"replies":[{"embeddable":true,"href":"https:\/\/corrientesdetarde.com\/index.php\/wp-json\/wp\/v2\/comments?post=138130"}],"version-history":[{"count":1,"href":"https:\/\/corrientesdetarde.com\/index.php\/wp-json\/wp\/v2\/posts\/138130\/revisions"}],"predecessor-version":[{"id":138132,"href":"https:\/\/corrientesdetarde.com\/index.php\/wp-json\/wp\/v2\/posts\/138130\/revisions\/138132"}],"wp:featuredmedia":[{"embeddable":true,"href":"https:\/\/corrientesdetarde.com\/index.php\/wp-json\/wp\/v2\/media\/138131"}],"wp:attachment":[{"href":"https:\/\/corrientesdetarde.com\/index.php\/wp-json\/wp\/v2\/media?parent=138130"}],"wp:term":[{"taxonomy":"category","embeddable":true,"href":"https:\/\/corrientesdetarde.com\/index.php\/wp-json\/wp\/v2\/categories?post=138130"},{"taxonomy":"post_tag","embeddable":true,"href":"https:\/\/corrientesdetarde.com\/index.php\/wp-json\/wp\/v2\/tags?post=138130"}],"curies":[{"name":"wp","href":"https:\/\/api.w.org\/{rel}","templated":true}]}}