{"id":138249,"date":"2024-04-06T16:40:22","date_gmt":"2024-04-06T19:40:22","guid":{"rendered":"https:\/\/corrientesdetarde.com\/?p=138249"},"modified":"2024-04-06T16:40:34","modified_gmt":"2024-04-06T19:40:34","slug":"cabeza-rapada-y-glitters-el-look-de-furia-inspira-a-nenas-con-cancer-olivia-se-siente-una-superheroina","status":"publish","type":"post","link":"https:\/\/corrientesdetarde.com\/index.php\/sociales\/cabeza-rapada-y-glitters-el-look-de-furia-inspira-a-nenas-con-cancer-olivia-se-siente-una-superheroina\/","title":{"rendered":"Cabeza rapada y glitters, el look de Furia inspira a nenas con c\u00e1ncer: \u201cOlivia se siente una superhero\u00edna\u201d"},"content":{"rendered":"\n<p>Si uno menciona a<strong>\u00a0Juliana Scaglione\u00a0<\/strong>poca gente logra identificar de quien se est\u00e1 hablando. Sin embargo, si se menciona el apodo todos comienzan a vislumbrar de qui\u00e9n se trata.\u00a0<strong>Furia\u00a0<\/strong>se convirti\u00f3 en\u00a0<strong>la participante m\u00e1s pol\u00e9mica de esta edici\u00f3n de Gran Hermano.\u00a0<\/strong>Desde el primer momento que pis\u00f3 la casa, la concursante no pas\u00f3 desapercibida y no solo por su fuerte car\u00e1cter. Es que la entrenadora de 33 a\u00f1os es due\u00f1a de un estilo \u00fanico:<strong>\u00a0un cuerpo lleno de tatuajes y la cabeza rapada son su insignia<\/strong>\u00a0y con eso jug\u00f3 desde que entr\u00f3.<\/p>\n\n\n\n<p>Desde frases como<em>&nbsp;\u201cwelcome to the jungle\u201d<\/em>&nbsp;y llamas a su alrededor, al<strong>&nbsp;pelo y cejas rosas con corazones y mucho glitter,<\/strong>&nbsp;Furia no desaprovech\u00f3 ninguna gala y siempre desfil\u00f3 diferentes estilos de llevar adelante su particular estilo.<\/p>\n\n\n\n<p>Sin embargo, ese look que tanto la distingue no es f\u00e1cil de encontrar en los medios y mucho menos que est\u00e9n en el centro de atenci\u00f3n. Pero hoy Juliana pudo y no solo eso, sino que sirve como<strong>&nbsp;fuente de inspiraci\u00f3n para muchas nenas que hoy est\u00e1n atravesando una dif\u00edcil situaci\u00f3n.<\/strong><\/p>\n\n\n\n<p>Ese es el caso de&nbsp;<strong>Olivia&nbsp;<\/strong>a quien a los cinco a\u00f1os le diagnosticaron un c\u00e1ncer grave. Producto de ello, al comenzar las quimioterapias su largo pelo cay\u00f3. Pero lejos de bajonearse,<strong>&nbsp;la nena encontr\u00f3 una referente en la tele y hoy, asegura, es su \u201csuperhero\u00edna\u201d.<\/strong><\/p>\n\n\n\n<figure class=\"wp-block-image\"><img decoding=\"async\" src=\"https:\/\/tn.com.ar\/resizer\/fB_LIfC4r0Kjz9r_cyBRkAA-4aI=\/767x0\/smart\/filters:format(webp)\/cloudfront-us-east-1.images.arcpublishing.com\/artear\/PV6IUVLTXJDPPKT4KWLL3I6BKE.jpg\" alt=\"Oli y su amor por Furia. (Foto: gentileza Antonella Gueba)\"\/><figcaption class=\"wp-element-caption\">Oli y su amor por Furia. (Foto: gentileza Antonella Gueba)<\/figcaption><\/figure>\n\n\n\n<h2 class=\"wp-block-heading\">La lucha de Olivia<\/h2>\n\n\n\n<p>Olivia sue\u00f1a con ser artista. Actualmente, vive con sus pap\u00e1s y su hermano de 14. Tiene seis a\u00f1os reci\u00e9n cumplidos y en octubre le descubrieron&nbsp;<strong>dos tumores de wilms,&nbsp;<\/strong>un c\u00e1ncer en los ri\u00f1ones muy poco frecuente.<\/p>\n\n\n\n<p>\u201cSacarla del jard\u00edn, de su egresadito, a pasar por terapias intensivas y cirug\u00edas no fue f\u00e1cil. El hospital Garrahan se volvi\u00f3 nuestra casa\u201d, asegur\u00f3 a&nbsp;<strong>TN&nbsp;<\/strong>Antonella Gueba, la mam\u00e1 de Olivia.<\/p>\n\n\n\n<p>Despu\u00e9s de d\u00edas de mucha fiebre y malestares constantes, los m\u00e9dicos le dieron un diagn\u00f3stico devastador a sus familiares. \u201c<strong>Uno de los tumores le hab\u00eda corrido todos los \u00f3rganos de lugar<\/strong>, era muy grande, muy de golpe, fue terrible\u201d, record\u00f3 la joven.<\/p>\n\n\n\n<figure class=\"wp-block-image\"><img decoding=\"async\" src=\"https:\/\/tn.com.ar\/resizer\/2I0_4CjPD1aaPVhqyNjCkSzpDYM=\/767x0\/smart\/filters:format(webp)\/cloudfront-us-east-1.images.arcpublishing.com\/artear\/ISL4N7D7JBHABPV6ZVRN26M3GM.jpeg\" alt=\"Oli contin\u00faa en tratamiento. (Foto: gentileza Antonella Gueba)\"\/><figcaption class=\"wp-element-caption\">Oli contin\u00faa en tratamiento. (Foto: gentileza Antonella Gueba)<\/figcaption><\/figure>\n\n\n\n<p>Si bien a la peque\u00f1a la operaron y lograron sacarle los tumores, hoy convive solo con una partecita de ri\u00f1\u00f3n y debe continuar haciendo quimioterapia. \u201cVa por la quimio 18 post operaci\u00f3n. Hizo 9 antes, pero nunca se hab\u00edan achicado. Le hicieron la cirug\u00eda de urgencia porque los tumores se alimentaban de la quimio y crec\u00edan en vez de disminuir\u201d, explic\u00f3 Antonella.<\/p>\n\n\n\n<h2 class=\"wp-block-heading\">Una superhero\u00edna furiosa<\/h2>\n\n\n\n<p>Ah\u00ed, en medio de la recuperaci\u00f3n, surgi\u00f3 la magia. \u201cEse d\u00eda hab\u00edamos salido de terapia, nos hab\u00edan pasado a una sala de cuidados intermedios y justo empezaba el primer programa del reality. Oli estaba en el proceso en el que se le empezaba a caer el pelito y fue muy duro porque ten\u00eda el pelo muy largo. Yo estaba mal, ella no. Yo lloraba angustiada y justo miramos la tele y entr\u00f3 Furia.&nbsp;<strong>Ah\u00ed Olivia qued\u00f3 cautivada\u201d<\/strong>, cont\u00f3 la mam\u00e1 de la peque\u00f1a.<\/p>\n\n\n\n<p>Sin m\u00e1s, el flechazo fue total.&nbsp;<strong>\u201cMe dijo \u2018mam\u00e1 no llores, cuando se me caiga el pelo voy a ser como ella, voy a ser como esa chica\u2019<\/strong>\u201d. Es que en su corta edad Olivia nunca hab\u00eda visto a la protagonista del cuento tan parecida a ella.<\/p>\n\n\n\n<p>Con el pasar de los programas, Furia demostr\u00f3 no solo un car\u00e1cter fuerte, sino una importante versatilidad a la hora de combinar&nbsp;<em>looks<\/em>. Y a pesar de no tener pelo, jug\u00f3 con diferentes estilos. Desde dibujarse corazones rosas y violetas con mucho glitter a frases, llamas y vinchas, la participante m\u00e1s pol\u00e9mica del reality no pas\u00f3 desapercibida ni un solo d\u00eda.<\/p>\n\n\n\n<figure class=\"wp-block-image\"><img decoding=\"async\" src=\"https:\/\/tn.com.ar\/resizer\/HVmmYWfm_aez1IUoA6trkLyiFVE=\/767x0\/smart\/filters:format(webp)\/cloudfront-us-east-1.images.arcpublishing.com\/artear\/XCWBFY2EUZEERKBTV57MWTJP5A.jpeg\" alt=\"La nena de 6 a\u00f1os es due\u00f1a de un estilo \u00fanico. (Foto: gentileza Antonella Gueba)\"\/><figcaption class=\"wp-element-caption\">La nena de 6 a\u00f1os es due\u00f1a de un estilo \u00fanico. (Foto: gentileza Antonella Gueba)<\/figcaption><\/figure>\n\n\n\n<p>Oli nunca llev\u00f3 un gorrito, ni pa\u00f1uelo ni nada que se le parezca. \u201cYo estaba preocupada por eso, me quer\u00eda cortar mi pelo y mandarle a hacer una peluca, pero ella me plante\u00f3 con solo cinco a\u00f1os lo que quer\u00eda\u201d.&nbsp;<strong>\u201cYo quiero estar as\u00ed\u201d<\/strong>, le dijo firme y determinada. \u201cNosotros tenemos un viaje largo desde casa al hospital y antes de irse<strong>&nbsp;se pone corazones y brillos y sale con su pelada<\/strong>. Siempre recibe miradas que te duelen como mam\u00e1, pero a ella no le importa nada\u201d.<\/p>\n\n\n\n<p>Es por eso que aunque la nena no mira el programa por su corta edad, s\u00ed se fascina cuando ve a su participante favorita aparecer en la tele. Y eso llev\u00f3 a que su mam\u00e1 un d\u00eda se anime y le escriba un mensaje a Coy, la hermana de Juliana, para contarle lo importante que fue la figura de la joven entrenadora en la recuperaci\u00f3n de su hija. \u201cEn mi posteo solo quer\u00eda mostrarle lo que mi hija hab\u00eda visto.&nbsp;<strong>Ella qued\u00f3 fascinada y no iba a sufrir ese proceso de quedarse sin pelo. Ella estaba viendo a esa mujer fuerte que va contra todos los estereotipos, una mujer que no hab\u00eda visto antes en televisi\u00f3n\u201d,<\/strong>&nbsp;cont\u00f3 Anto.<\/p>\n\n\n\n<p>Hoy Oli ve a Furia en la tele y se pone a saltar.&nbsp;<strong>\u201cElla la ve como una superhero\u00edna<\/strong>&nbsp;y todo lo que le haga feliz a mi hija, con todo lo que pas\u00f3, me pone feliz a m\u00ed\u201d, remarc\u00f3.<\/p>\n\n\n\n<p>Y ese mensaje a trav\u00e9s de&nbsp;<em>X (exTwitter)&nbsp;<\/em>no qued\u00f3 en la nada. Coy lo vio y desde la cuenta de su hermana le respondi\u00f3. \u201cSe contact\u00f3 conmigo. Me cont\u00f3 que su mam\u00e1 hab\u00eda fallecido de c\u00e1ncer y que<strong>&nbsp;Furia ten\u00eda ese look en honor a todas las personas que padecen esa enfermedad, que ella est\u00e1 en esa lucha por su mam\u00e1<\/strong>\u201d, detall\u00f3.<\/p>\n\n\n\n<figure class=\"wp-block-image\"><img decoding=\"async\" src=\"https:\/\/tn.com.ar\/resizer\/PzUYjuTI5kz0Ocu2gIv5RIG8LMk=\/767x0\/smart\/filters:format(webp)\/cloudfront-us-east-1.images.arcpublishing.com\/artear\/JGSGPH6NRZFCLNS5PRFPZBBKH4.PNG\" alt=\"El mensaje de Antonella a la hermana de Furia. (Foto: gentileza Antonella Gueba)\"\/><figcaption class=\"wp-element-caption\">El mensaje de Antonella a la hermana de Furia. (Foto: gentileza Antonella Gueba)<\/figcaption><\/figure>\n\n\n\n<p>\u201cLa hermana agradeci\u00f3 que Oli haya captado eso y en el hospital hay muchas nenas que hacen lo mismo que mi hija y<strong>&nbsp;est\u00e1 bueno que tengan a alguien con quien puedan sentirse identificadas<\/strong>\u201d, insisti\u00f3 Anto.<\/p>\n\n\n\n<p>Coy continu\u00f3 en contacto con Antonella y hasta suele consultarle sobre c\u00f3mo va el tratamiento de la nena. \u201cResult\u00f3 ser una persona muy amorosa, se ofreci\u00f3 para todo, est\u00e1 en contacto conmigo siempre, me pregunta como est\u00e1 Oli, cu\u00e1ndo tiene quimio. Mi marido se qued\u00f3 sin empleo y se preocup\u00f3 en recomendarlo, Siempre se comport\u00f3 muy bien\u201d, destac\u00f3.<\/p>\n\n\n\n<p>Ahora la familia espera que cuando una de las candidatas a ganar el concurso salga<strong>, se pueda producir ese tan ansiado encuentro&nbsp;<\/strong>con la peque\u00f1a. \u201cFuria logr\u00f3 esas cositas que para Oli o para cualquier nena que vive esto tan duro es importante\u201d, remarc\u00f3.<\/p>\n\n\n\n<figure class=\"wp-block-image\"><img decoding=\"async\" src=\"https:\/\/tn.com.ar\/resizer\/UMFJ_8RCVzyX7TVm5iEIc5fglGA=\/767x0\/smart\/filters:format(webp)\/cloudfront-us-east-1.images.arcpublishing.com\/artear\/3GXURKV5NRAWLF2NZ5T3ETI6SQ.jpeg\" alt=\"Oli junto a sus pap\u00e1s y su hermano. (Foto: gentileza Antonella Gueba)\"\/><figcaption class=\"wp-element-caption\">Oli junto a sus pap\u00e1s y su hermano. (Foto: gentileza Antonella Gueba)<\/figcaption><\/figure>\n\n\n\n<p>Ahora, Olivia no solo se llena de corazones y brillos para ir al m\u00e9dico, sino que tambi\u00e9n cautiva a quienes la ven. \u201cLos doctores la aman y siempre dicen que ella no aparece si no es con glitter en el cuerpo\u201d, cont\u00f3 Anto.<\/p>\n\n\n\n<p>La peque\u00f1a de seis a\u00f1os hoy es toda una estrella. Sue\u00f1a con ser famosa y hasta ya piensa en continuar con su look m\u00e1s adelante y ser la inspiraci\u00f3n para otras nenas.<\/p>\n\n\n\n<p>\u201cLos m\u00e9dicos dicen que es un diagn\u00f3stico dif\u00edcil de tratar, pero a m\u00ed no me interesa porque creo en Dios y porque s\u00e9 que la van a salvar. Un d\u00eda que yo me quebr\u00e9 Oli me dijo \u2018mam\u00e1, yo estoy curada, ten\u00e9s que estar tranquila\u2019.&nbsp;<strong>Hoy s\u00e9 que ella es mi mujer maravilla\u201d<\/strong>,complet\u00f3 Antonella.<\/p>\n","protected":false},"excerpt":{"rendered":"<p>Si uno menciona a\u00a0Juliana Scaglione\u00a0poca gente logra identificar de quien se est\u00e1 hablando. Sin embargo, si se menciona el apodo todos comienzan a vislumbrar de qui\u00e9n se trata.\u00a0Furia\u00a0se convirti\u00f3 en\u00a0la&hellip; <\/p>\n","protected":false},"author":12,"featured_media":138299,"comment_status":"closed","ping_status":"open","sticky":false,"template":"","format":"standard","meta":{"footnotes":""},"categories":[17],"tags":[],"class_list":["post-138249","post","type-post","status-publish","format-standard","has-post-thumbnail","hentry","category-sociales"],"_links":{"self":[{"href":"https:\/\/corrientesdetarde.com\/index.php\/wp-json\/wp\/v2\/posts\/138249","targetHints":{"allow":["GET"]}}],"collection":[{"href":"https:\/\/corrientesdetarde.com\/index.php\/wp-json\/wp\/v2\/posts"}],"about":[{"href":"https:\/\/corrientesdetarde.com\/index.php\/wp-json\/wp\/v2\/types\/post"}],"author":[{"embeddable":true,"href":"https:\/\/corrientesdetarde.com\/index.php\/wp-json\/wp\/v2\/users\/12"}],"replies":[{"embeddable":true,"href":"https:\/\/corrientesdetarde.com\/index.php\/wp-json\/wp\/v2\/comments?post=138249"}],"version-history":[{"count":1,"href":"https:\/\/corrientesdetarde.com\/index.php\/wp-json\/wp\/v2\/posts\/138249\/revisions"}],"predecessor-version":[{"id":138300,"href":"https:\/\/corrientesdetarde.com\/index.php\/wp-json\/wp\/v2\/posts\/138249\/revisions\/138300"}],"wp:featuredmedia":[{"embeddable":true,"href":"https:\/\/corrientesdetarde.com\/index.php\/wp-json\/wp\/v2\/media\/138299"}],"wp:attachment":[{"href":"https:\/\/corrientesdetarde.com\/index.php\/wp-json\/wp\/v2\/media?parent=138249"}],"wp:term":[{"taxonomy":"category","embeddable":true,"href":"https:\/\/corrientesdetarde.com\/index.php\/wp-json\/wp\/v2\/categories?post=138249"},{"taxonomy":"post_tag","embeddable":true,"href":"https:\/\/corrientesdetarde.com\/index.php\/wp-json\/wp\/v2\/tags?post=138249"}],"curies":[{"name":"wp","href":"https:\/\/api.w.org\/{rel}","templated":true}]}}