{"id":138298,"date":"2024-04-06T16:41:44","date_gmt":"2024-04-06T19:41:44","guid":{"rendered":"https:\/\/corrientesdetarde.com\/?p=138298"},"modified":"2024-04-06T16:41:55","modified_gmt":"2024-04-06T19:41:55","slug":"san-cristobal-detuvieron-a-un-hombre-que-amenazo-con-poner-bombas-en-templos-y-fusilar-rabinos","status":"publish","type":"post","link":"https:\/\/corrientesdetarde.com\/index.php\/policiales\/san-cristobal-detuvieron-a-un-hombre-que-amenazo-con-poner-bombas-en-templos-y-fusilar-rabinos\/","title":{"rendered":"San Cristobal: detuvieron a un hombre que amenaz\u00f3 con poner bombas en templos y fusilar rabinos"},"content":{"rendered":"\n<p>Un hombre acusado de\u00a0amenazar con poner bombas en lugares de la comunidad jud\u00eda\u00a0y fusilar rabinos\u00a0<strong>fue detenido en el barrio porte\u00f1o de San Crist\u00f3bal<\/strong>.<\/p>\n\n\n\n<p>Seg\u00fan informaron fuentes oficiales, efectivos de la Polic\u00eda Federal detuvieron al acusado tras una investigaci\u00f3n que se inici\u00f3 luego de que el Departamento de Asistencia Comunitaria de la Delegaci\u00f3n de Asociaciones Israelitas Argentinas (DAIA) denunciara amenazas recibidas por correo electr\u00f3nico en uno de sus templos.<\/p>\n\n\n\n<p>El texto intimidatorio indicaba que ser\u00edan colocados artefactos explosivos en una lista de templos y organizaciones de la comunidad jud\u00eda, como as\u00ed tambi\u00e9n un listado de rabinos que ser\u00edan fusilados.<\/p>\n\n\n\n<p><strong>Ante ello, el Juzgado Nacional en lo Criminal y Correccional Federal 2 a cargo del juez Sebasti\u00e1n Ramos, orden\u00f3 la investigaci\u00f3n del caso.<\/strong><\/p>\n\n\n\n<p>Desde ese momento comenz\u00f3 a intervenir la Unidad de Investigaciones Antiterrorista de la Polic\u00eda Federal que logr\u00f3 ubicar al responsable de las amenazas.<\/p>\n\n\n\n<p>Tras las pruebas obtenidas, el juzgado orden\u00f3 el allanamiento correspondiente en un domicilio del barrio porte\u00f1o de San Crist\u00f3bal.<\/p>\n\n\n\n<p>Debido a ello, agentes del Departamento Unidad de Investigaci\u00f3n Antiterrorista realizaron el procedimiento y lograron detener al sospechoso y secuestraron dos netbooks, dos tel\u00e9fonos celulares, una tablet y<strong>&nbsp;dem\u00e1s elementos de inter\u00e9s para la causa que fue caratulada \u201camenazas\u201d y el hombre qued\u00f3 a disposici\u00f3n de la Justicia<\/strong>.<\/p>\n","protected":false},"excerpt":{"rendered":"<p>Un hombre acusado de\u00a0amenazar con poner bombas en lugares de la comunidad jud\u00eda\u00a0y fusilar rabinos\u00a0fue detenido en el barrio porte\u00f1o de San Crist\u00f3bal. Seg\u00fan informaron fuentes oficiales, efectivos de la&hellip; <\/p>\n","protected":false},"author":12,"featured_media":138301,"comment_status":"closed","ping_status":"open","sticky":false,"template":"","format":"standard","meta":{"footnotes":""},"categories":[33],"tags":[],"class_list":["post-138298","post","type-post","status-publish","format-standard","has-post-thumbnail","hentry","category-policiales"],"_links":{"self":[{"href":"https:\/\/corrientesdetarde.com\/index.php\/wp-json\/wp\/v2\/posts\/138298","targetHints":{"allow":["GET"]}}],"collection":[{"href":"https:\/\/corrientesdetarde.com\/index.php\/wp-json\/wp\/v2\/posts"}],"about":[{"href":"https:\/\/corrientesdetarde.com\/index.php\/wp-json\/wp\/v2\/types\/post"}],"author":[{"embeddable":true,"href":"https:\/\/corrientesdetarde.com\/index.php\/wp-json\/wp\/v2\/users\/12"}],"replies":[{"embeddable":true,"href":"https:\/\/corrientesdetarde.com\/index.php\/wp-json\/wp\/v2\/comments?post=138298"}],"version-history":[{"count":1,"href":"https:\/\/corrientesdetarde.com\/index.php\/wp-json\/wp\/v2\/posts\/138298\/revisions"}],"predecessor-version":[{"id":138302,"href":"https:\/\/corrientesdetarde.com\/index.php\/wp-json\/wp\/v2\/posts\/138298\/revisions\/138302"}],"wp:featuredmedia":[{"embeddable":true,"href":"https:\/\/corrientesdetarde.com\/index.php\/wp-json\/wp\/v2\/media\/138301"}],"wp:attachment":[{"href":"https:\/\/corrientesdetarde.com\/index.php\/wp-json\/wp\/v2\/media?parent=138298"}],"wp:term":[{"taxonomy":"category","embeddable":true,"href":"https:\/\/corrientesdetarde.com\/index.php\/wp-json\/wp\/v2\/categories?post=138298"},{"taxonomy":"post_tag","embeddable":true,"href":"https:\/\/corrientesdetarde.com\/index.php\/wp-json\/wp\/v2\/tags?post=138298"}],"curies":[{"name":"wp","href":"https:\/\/api.w.org\/{rel}","templated":true}]}}