{"id":138487,"date":"2024-04-07T21:46:48","date_gmt":"2024-04-08T00:46:48","guid":{"rendered":"https:\/\/corrientesdetarde.com\/?p=138487"},"modified":"2024-04-07T21:46:53","modified_gmt":"2024-04-08T00:46:53","slug":"bregman-critico-a-benegas-lynch-por-sugerir-que-trabajen-menores-de-edad","status":"publish","type":"post","link":"https:\/\/corrientesdetarde.com\/index.php\/politica\/bregman-critico-a-benegas-lynch-por-sugerir-que-trabajen-menores-de-edad\/","title":{"rendered":"Bregman critic\u00f3 a Benegas Lynch por sugerir que trabajen menores de edad."},"content":{"rendered":"\n<h2 class=\"wp-block-heading\">\u201cM\u00e1s que a libertad, me suena a esclavitud\u201d, sentenci\u00f3 la diputada.<\/h2>\n\n\n\n<p>La diputada nacional del PTS\/Frente de Izquierda\u00a0<strong>Myriam Bregman<\/strong>\u00a0<strong>critic\u00f3\u00a0<\/strong>a su par de la C\u00e1mara Baja\u00a0<strong>Alberto \u201cBertie\u201d Benegas Lynch<\/strong>\u00a0<strong>por sugerir esta ma\u00f1ana que los padres puedan hacer trabajar a sus hijos que trabajen menores de edad. \u201cM\u00e1s que a libertad, me suena a esclavitud\u201d<\/strong>, sostuvo la excandidata a presidenta en\u00a0<em>X<\/em>.<\/p>\n\n\n\n<p>En di\u00e1logo con<em>\u00a0FM Milenium<\/em>, el legislador libertario por la provincia de Buenos Aires plante\u00f3 este domingo que \u201c<strong>la libertad tambi\u00e9n es que si no quer\u00e9s mandar a tu hijo al colegio porque lo necesit\u00e1s en el taller, puedas hacerlo<\/strong>\u201d.<\/p>\n\n\n\n<figure class=\"wp-block-embed is-type-rich is-provider-twitter wp-block-embed-twitter\"><div class=\"wp-block-embed__wrapper\">\n<blockquote class=\"twitter-tweet\" data-width=\"550\" data-dnt=\"true\"><p lang=\"es\" dir=\"ltr\">A mi eso,  m\u00e1s que a libertad,  me suena a esclavitud. <a href=\"https:\/\/t.co\/MVmVRABk76\">https:\/\/t.co\/MVmVRABk76<\/a><\/p>&mdash; Myriam Bregman (@myriambregman) <a href=\"https:\/\/twitter.com\/myriambregman\/status\/1777044400457089298?ref_src=twsrc%5Etfw\">April 7, 2024<\/a><\/blockquote><script async src=\"https:\/\/platform.twitter.com\/widgets.js\" charset=\"utf-8\"><\/script>\n<\/div><\/figure>\n","protected":false},"excerpt":{"rendered":"<p>\u201cM\u00e1s que a libertad, me suena a esclavitud\u201d, sentenci\u00f3 la diputada. La diputada nacional del PTS\/Frente de Izquierda\u00a0Myriam Bregman\u00a0critic\u00f3\u00a0a su par de la C\u00e1mara Baja\u00a0Alberto \u201cBertie\u201d Benegas Lynch\u00a0por sugerir esta&hellip; <\/p>\n","protected":false},"author":6,"featured_media":138497,"comment_status":"closed","ping_status":"open","sticky":false,"template":"","format":"standard","meta":{"footnotes":""},"categories":[3],"tags":[],"class_list":["post-138487","post","type-post","status-publish","format-standard","has-post-thumbnail","hentry","category-politica"],"_links":{"self":[{"href":"https:\/\/corrientesdetarde.com\/index.php\/wp-json\/wp\/v2\/posts\/138487","targetHints":{"allow":["GET"]}}],"collection":[{"href":"https:\/\/corrientesdetarde.com\/index.php\/wp-json\/wp\/v2\/posts"}],"about":[{"href":"https:\/\/corrientesdetarde.com\/index.php\/wp-json\/wp\/v2\/types\/post"}],"author":[{"embeddable":true,"href":"https:\/\/corrientesdetarde.com\/index.php\/wp-json\/wp\/v2\/users\/6"}],"replies":[{"embeddable":true,"href":"https:\/\/corrientesdetarde.com\/index.php\/wp-json\/wp\/v2\/comments?post=138487"}],"version-history":[{"count":1,"href":"https:\/\/corrientesdetarde.com\/index.php\/wp-json\/wp\/v2\/posts\/138487\/revisions"}],"predecessor-version":[{"id":138498,"href":"https:\/\/corrientesdetarde.com\/index.php\/wp-json\/wp\/v2\/posts\/138487\/revisions\/138498"}],"wp:featuredmedia":[{"embeddable":true,"href":"https:\/\/corrientesdetarde.com\/index.php\/wp-json\/wp\/v2\/media\/138497"}],"wp:attachment":[{"href":"https:\/\/corrientesdetarde.com\/index.php\/wp-json\/wp\/v2\/media?parent=138487"}],"wp:term":[{"taxonomy":"category","embeddable":true,"href":"https:\/\/corrientesdetarde.com\/index.php\/wp-json\/wp\/v2\/categories?post=138487"},{"taxonomy":"post_tag","embeddable":true,"href":"https:\/\/corrientesdetarde.com\/index.php\/wp-json\/wp\/v2\/tags?post=138487"}],"curies":[{"name":"wp","href":"https:\/\/api.w.org\/{rel}","templated":true}]}}