{"id":138488,"date":"2024-04-07T21:39:55","date_gmt":"2024-04-08T00:39:55","guid":{"rendered":"https:\/\/corrientesdetarde.com\/?p=138488"},"modified":"2024-04-07T21:40:08","modified_gmt":"2024-04-08T00:40:08","slug":"la-universidad-de-misiones-fabricara-repelentes","status":"publish","type":"post","link":"https:\/\/corrientesdetarde.com\/index.php\/bienestar-y-salud\/la-universidad-de-misiones-fabricara-repelentes\/","title":{"rendered":"La Universidad de Misiones fabricar\u00e1 repelentes."},"content":{"rendered":"\n<h2 class=\"wp-block-heading\">En principio el producto ser\u00e1 exclusivo para el consumo interno de la universidad. Sin embargo, no se descarta poder ampliarlo ante la necesidad de la poblaci\u00f3n.<\/h2>\n\n\n\n<p>La Universidad Nacional de Misiones (Unam) propone volver a fabricar repelentes, en principio para abastecer a la comunidad acad\u00e9mica, aunque no se descarta tejer lazos y aunar esfuerzos con instituciones para dar respuesta a otro sector de la poblaci\u00f3n.<\/p>\n\n\n\n<p>La encargada de este proyecto de extensi\u00f3n es Gabriela De Battista, docente de la carrera de Farmacia de la Facultad de Ciencias Exactas, Qu\u00edmicas y Naturales de la Unam, quien confirm\u00f3 en di\u00e1logo con El Territorio: &#8220;La idea es arrancar lo antes posible con la producci\u00f3n&#8221;.<\/p>\n\n\n\n<p>&#8220;Si bien no tenemos un laboratorio para producir a gran escala, sino a mediana escala, podemos elaborar 700 envases de 250 mililitros, lo cual no significa que podemos incluso cambiar el envase&#8221;, se\u00f1al\u00f3 la profesional al tiempo que ponder\u00f3 el rol de la ciencia en este contexto complejo sanitario que atraviesa la provincia y el pa\u00eds.<\/p>\n\n\n\n<p>Para tener una idea, seg\u00fan el Bolet\u00edn Integrado de Vigilancia Epidemiol\u00f3gica, la actual epidemia es diez veces superior en magnitud a la registrada en la temporada 2019-2020. Ya son 129 los muertos y m\u00e1s de 180 mil los afectados, con un 90% de casos aut\u00f3ctonos, a nivel pa\u00eds.<\/p>\n\n\n\n<p>En Misiones, de los 7.015 casos de dengue registrados este a\u00f1o, 4.793 fueron confirmados por laboratorio, siendo 9.938 las notificaciones de febriles.<\/p>\n\n\n\n<p>Asimismo, en toda la temporada 2023-2024 fueron 13.243 los cuadros febriles, 8.587 los infectados con dengue, de los cuales 6.146 la confirmaci\u00f3n fue por laboratorio.<\/p>\n\n\n\n<p><\/p>\n\n\n\n<p>Fuente: Diario \u00c9poca.<\/p>\n","protected":false},"excerpt":{"rendered":"<p>En principio el producto ser\u00e1 exclusivo para el consumo interno de la universidad. Sin embargo, no se descarta poder ampliarlo ante la necesidad de la poblaci\u00f3n. La Universidad Nacional de&hellip; <\/p>\n","protected":false},"author":6,"featured_media":138492,"comment_status":"closed","ping_status":"open","sticky":false,"template":"","format":"standard","meta":{"footnotes":""},"categories":[16],"tags":[],"class_list":["post-138488","post","type-post","status-publish","format-standard","has-post-thumbnail","hentry","category-bienestar-y-salud"],"_links":{"self":[{"href":"https:\/\/corrientesdetarde.com\/index.php\/wp-json\/wp\/v2\/posts\/138488","targetHints":{"allow":["GET"]}}],"collection":[{"href":"https:\/\/corrientesdetarde.com\/index.php\/wp-json\/wp\/v2\/posts"}],"about":[{"href":"https:\/\/corrientesdetarde.com\/index.php\/wp-json\/wp\/v2\/types\/post"}],"author":[{"embeddable":true,"href":"https:\/\/corrientesdetarde.com\/index.php\/wp-json\/wp\/v2\/users\/6"}],"replies":[{"embeddable":true,"href":"https:\/\/corrientesdetarde.com\/index.php\/wp-json\/wp\/v2\/comments?post=138488"}],"version-history":[{"count":1,"href":"https:\/\/corrientesdetarde.com\/index.php\/wp-json\/wp\/v2\/posts\/138488\/revisions"}],"predecessor-version":[{"id":138496,"href":"https:\/\/corrientesdetarde.com\/index.php\/wp-json\/wp\/v2\/posts\/138488\/revisions\/138496"}],"wp:featuredmedia":[{"embeddable":true,"href":"https:\/\/corrientesdetarde.com\/index.php\/wp-json\/wp\/v2\/media\/138492"}],"wp:attachment":[{"href":"https:\/\/corrientesdetarde.com\/index.php\/wp-json\/wp\/v2\/media?parent=138488"}],"wp:term":[{"taxonomy":"category","embeddable":true,"href":"https:\/\/corrientesdetarde.com\/index.php\/wp-json\/wp\/v2\/categories?post=138488"},{"taxonomy":"post_tag","embeddable":true,"href":"https:\/\/corrientesdetarde.com\/index.php\/wp-json\/wp\/v2\/tags?post=138488"}],"curies":[{"name":"wp","href":"https:\/\/api.w.org\/{rel}","templated":true}]}}