{"id":138493,"date":"2024-04-07T22:07:24","date_gmt":"2024-04-08T01:07:24","guid":{"rendered":"https:\/\/corrientesdetarde.com\/?p=138493"},"modified":"2024-04-08T09:10:23","modified_gmt":"2024-04-08T12:10:23","slug":"entre-rios-tres-jovenes-que-volvian-de-un-recital-murieron-en-un-choque-frontal","status":"publish","type":"post","link":"https:\/\/corrientesdetarde.com\/index.php\/destacados\/entre-rios-tres-jovenes-que-volvian-de-un-recital-murieron-en-un-choque-frontal\/","title":{"rendered":"Entre R\u00edos: tres j\u00f3venes que volv\u00edan de un recital murieron en un choque frontal."},"content":{"rendered":"\n<h4 class=\"wp-block-heading\">Las v\u00edctimas son dos hermanos de 24 y 22 a\u00f1os y un amigo, de 25. El cuarto acompa\u00f1ante del auto, de 24, qued\u00f3 internado, al igual que el conductor del otro coche, en calidad de detenido, y la mujer que iba con \u00e9l.<\/h4>\n\n\n\n<p><strong>Tres j\u00f3venes&nbsp;<\/strong>de 22, 24 y 25 a\u00f1os murieron este domingo a la madrugada en un<strong>&nbsp;accidente<\/strong>&nbsp;sobre la ruta 12, muy cerca de la localidad de&nbsp;<strong>Crespo<\/strong>, en&nbsp;<strong>Entre R\u00edos<\/strong>. Las v\u00edctimas eran oriundas de la ciudad de&nbsp;<strong>Tabossi&nbsp;<\/strong>y regresaban de un recital junto a&nbsp;<strong>otro amigo<\/strong>, quien est\u00e1 internado. Los cuatro viajaban a bordo de un Volkswagen Golf cuando chocaron de frente con un Totoya Corolla, en el que iban un hombre y una mujer que est\u00e1n hospitalizados.&nbsp;<strong>El conductor qued\u00f3 detenido<\/strong>.<\/p>\n\n\n\n<p>El siniestro sucedi\u00f3 a las 6.40, cuando el VW Golf en el que viajaban los cuatro j\u00f3venes impact\u00f3 de frente contra el Toyota Corolla. Los chicos volv\u00edan de un recital en Crespo, a poco m\u00e1s de 50 kil\u00f3metros de la ciudad en la que resid\u00edan, y donde se presentaron&nbsp;<strong>N\u00e9stor En Bloque, LGante y la Banda de la Lechuga.<\/strong><\/p>\n\n\n\n<p>Dos de las v\u00edctimas fatales eran hermanos: se trata de&nbsp;<strong>Ayrton y Brian Bertozzi<\/strong>, de 22 y 24 a\u00f1os, respectivamente.<strong>&nbsp;Ambos jugaban al f\u00fatbol&nbsp;<\/strong>en el Club Social Deportivo Tabossi de la Federaci\u00f3n Entrerriana de F\u00fatbol, que tras conocer la triste noticia, expres\u00f3 sus condolencias y&nbsp;<strong>decret\u00f3 tres d\u00edas de duelo<\/strong>.<\/p>\n\n\n\n<p>\u201cTriste noticia enluta hoy a nuestra localidad, pero particularmente a nuestro club, debido al tr\u00e1gico hecho ocurrido en un accidente de tr\u00e1nsito.&nbsp;<strong>Abrazamos a familiares y amigos&nbsp;<\/strong>de quienes fueron y eran parte activa de nuestras actividades. Descansen en paz, nuestras condolencias a las familias\u201d, escribieron desde Deportivo Tambossi en su perfil de Facebook.<\/p>\n\n\n\n<p><img loading=\"lazy\" decoding=\"async\" alt=\"La foto que tomaron los j\u00f3venes cuatro antes del accidente fatal en Entre R\u00edos\" height=\"666\" width=\"1112\" class=\"\" src=\"https:\/\/www.infobae.com\/new-resizer\/_sdBgZBS3RvgdSyWBV-CYYDgYPQ=\/992x606\/filters:format(webp):quality(85)\/cloudfront-us-east-1.images.arcpublishing.com\/infobae\/FXNF7AMAD5DVFOPA2GWN2HHXCY.png%20992w\" srcset=\"https:\/\/www.infobae.com\/new-resizer\/_sdBgZBS3RvgdSyWBV-CYYDgYPQ=\/992x606\/filters:format(webp):quality(85)\/cloudfront-us-east-1.images.arcpublishing.com\/infobae\/FXNF7AMAD5DVFOPA2GWN2HHXCY.png 992w\">La foto que tomaron los j\u00f3venes cuatro antes del accidente fatal en Entre R\u00edos<\/p>\n\n\n\n<p>El tercer joven que falleci\u00f3 en el accidente fue identificado como&nbsp;<strong>N\u00e9stor Rodr\u00edguez<\/strong>,de 25 a\u00f1os, tambi\u00e9n de la localidad de Tambossi.&nbsp;<strong>Emiliano Enrique Migueles<\/strong>&nbsp;(24) es el cuarto pasajero del VW Golf que sobrevivi\u00f3 al siniestro y fue trasladado a la cl\u00ednica privada Parque de Crespo, explicaron fuentes policiales a&nbsp;<strong>Infobae<\/strong>.<\/p>\n\n\n\n<p>Un primo de los hermanos Bertozzi, que fallecieron en el accidente, comparti\u00f3&nbsp;<strong>redes sociales<\/strong>: \u201cPido cadena de oraci\u00f3n para Emiliano Enrique, tuvo un accidente de tr\u00e1nsito y&nbsp;<strong>est\u00e1 luchando por su vida<\/strong>. Oremos todos juntos. Vamos Emi\u201d.<\/p>\n\n\n\n<p>La Municipalidad de Tabossi tambi\u00e9n decret\u00f3 dos d\u00edas de duelo por las v\u00edctimas: \u201cEn esta hora de tanto dolor y preguntas sin respuestas, hacemos llegar nuestras m\u00e1s sentidas condolencias a familiares, amigos y allegados a los tres j\u00f3venes que perdieran la vida en el tr\u00e1gico suceso de esta madrugada. L<strong>os chicos son hijos de nuestro pueblo, por lo tanto, un estrecho v\u00ednculo nos une a ellos<\/strong>\u201d.<\/p>\n\n\n\n<p>Desde la cuenta oficial de Instagram del municipio, a\u00f1adieron: \u201cNuestras oraciones piden por el eterno descanso de&nbsp;<strong>Sore, Gamu y Pu\u00f1a<\/strong>&nbsp;-apodos con los que, desde el afecto, eran conocidos por todos-, as\u00ed como por el consuelo que tanto necesitan sus seres queridos. Tambi\u00e9n rogamos por el milagro de recuperaci\u00f3n de&nbsp;<strong>Emiliano \u201cCachita\u201d Enrique<\/strong>, quien lucha por su vida\u201d.<\/p>\n\n\n\n<p>Adem\u00e1s, informaron que&nbsp;<strong>el velatorio de los tres j\u00f3venes ser\u00e1 \u201cen el Sal\u00f3n del Polideportivo Municipal\u201d<\/strong>. A\u00fan no se ha confirmado el d\u00eda ni el horario en el que ser\u00e1n despedidos, ya que esperan que la Justicia les entregue los cuerpos. \u201cDeseamos que todos puedan encontrar fortaleza y paz en estas instancias tan dolorosas\u201d, concluy\u00f3 el comunicado.<\/p>\n\n\n\n<p>En tanto, el Toyota Corolla iban un hombre de 31 a\u00f1os y una mujer de 35, propietaria del auto. Ambos oriundos de la ciudad de Paran\u00e1, fueron trasladados a la misma cl\u00ednica de Crespo y est\u00e1n internados con lesiones graves, seg\u00fan fuentes policiales.<\/p>\n\n\n\n<p>El fiscal del caso&nbsp;<strong>Laureano Dato<\/strong>&nbsp;decidi\u00f3 que el conductor del Corolla permanezca&nbsp;<strong>en calidad de detenido&nbsp;<\/strong>mientras se recupera en la cl\u00ednica de Crespo.<\/p>\n","protected":false},"excerpt":{"rendered":"<p>Las v\u00edctimas son dos hermanos de 24 y 22 a\u00f1os y un amigo, de 25. El cuarto acompa\u00f1ante del auto, de 24, qued\u00f3 internado, al igual que el conductor del&hellip; <\/p>\n","protected":false},"author":6,"featured_media":138503,"comment_status":"closed","ping_status":"open","sticky":false,"template":"","format":"standard","meta":{"footnotes":""},"categories":[26,33],"tags":[],"class_list":["post-138493","post","type-post","status-publish","format-standard","has-post-thumbnail","hentry","category-destacados","category-policiales"],"_links":{"self":[{"href":"https:\/\/corrientesdetarde.com\/index.php\/wp-json\/wp\/v2\/posts\/138493","targetHints":{"allow":["GET"]}}],"collection":[{"href":"https:\/\/corrientesdetarde.com\/index.php\/wp-json\/wp\/v2\/posts"}],"about":[{"href":"https:\/\/corrientesdetarde.com\/index.php\/wp-json\/wp\/v2\/types\/post"}],"author":[{"embeddable":true,"href":"https:\/\/corrientesdetarde.com\/index.php\/wp-json\/wp\/v2\/users\/6"}],"replies":[{"embeddable":true,"href":"https:\/\/corrientesdetarde.com\/index.php\/wp-json\/wp\/v2\/comments?post=138493"}],"version-history":[{"count":2,"href":"https:\/\/corrientesdetarde.com\/index.php\/wp-json\/wp\/v2\/posts\/138493\/revisions"}],"predecessor-version":[{"id":138536,"href":"https:\/\/corrientesdetarde.com\/index.php\/wp-json\/wp\/v2\/posts\/138493\/revisions\/138536"}],"wp:featuredmedia":[{"embeddable":true,"href":"https:\/\/corrientesdetarde.com\/index.php\/wp-json\/wp\/v2\/media\/138503"}],"wp:attachment":[{"href":"https:\/\/corrientesdetarde.com\/index.php\/wp-json\/wp\/v2\/media?parent=138493"}],"wp:term":[{"taxonomy":"category","embeddable":true,"href":"https:\/\/corrientesdetarde.com\/index.php\/wp-json\/wp\/v2\/categories?post=138493"},{"taxonomy":"post_tag","embeddable":true,"href":"https:\/\/corrientesdetarde.com\/index.php\/wp-json\/wp\/v2\/tags?post=138493"}],"curies":[{"name":"wp","href":"https:\/\/api.w.org\/{rel}","templated":true}]}}