{"id":138494,"date":"2024-04-07T21:59:57","date_gmt":"2024-04-08T00:59:57","guid":{"rendered":"https:\/\/corrientesdetarde.com\/?p=138494"},"modified":"2024-04-07T22:00:09","modified_gmt":"2024-04-08T01:00:09","slug":"martin-menem-afirmo-que-la-restitucion-del-impuesto-a-las-ganancias-no-se-tratara-en-el-corto-plazo","status":"publish","type":"post","link":"https:\/\/corrientesdetarde.com\/index.php\/politica\/martin-menem-afirmo-que-la-restitucion-del-impuesto-a-las-ganancias-no-se-tratara-en-el-corto-plazo\/","title":{"rendered":"Mart\u00edn Menem afirm\u00f3 que la restituci\u00f3n del Impuesto a las Ganancias no se tratar\u00e1 en el corto plazo."},"content":{"rendered":"\n<h2 class=\"wp-block-heading\">El presidente de la C\u00e1mara de Diputados se mostr\u00f3 cauteloso sobre la posibilidad de discutir el tributo en el Congreso. El futuro de la Ley \u00d3mnibus de cara al Pacto de Mayo.<\/h2>\n\n\n\n<p>El presidente de la C\u00e1mara de Diputados, el libertario\u00a0<strong>Mart\u00edn Menem<\/strong>\u00a0(La Rioja), manifest\u00f3 este domingo que la\u00a0<strong>restituci\u00f3n del Impuesto a las Ganancias \u201cir\u00e1 en otra etapa\u201d<\/strong>\u00a0y no estar\u00e1 atada al debate de la recortada\u00a0<strong>Ley \u00d3mnibus<\/strong>, que a\u00fan demora el Ejecutivo y el Congreso espera para los pr\u00f3ximos d\u00edas.<\/p>\n\n\n\n<p>\u201cCreo que va a ir en otra etapa\u201d, se\u00f1al\u00f3 Menem al ser consultado antes de ingresar al&nbsp;<strong>evento de pre afiliaci\u00f3n de La Libertad Avanza<\/strong>&nbsp;en la Ciudad de Buenos Aires, un evento fomentado por la secretaria general de la Presidencia y hermana del jefe de Estado,&nbsp;<strong>Javier Milei<\/strong>.<\/p>\n\n\n\n<p>El legislador particip\u00f3 del lanzamiento del partido con el que el oficialismo buscar\u00e1 construir un armado electoral pensando en las elecciones legislativas de pr\u00f3ximo a\u00f1o. Junto a Menem se encontraba el presidente de La Libertad Avanza,\u00a0<strong>Juan Pablo Scalese<\/strong>. Los dirigentes se prestaron a un breve intercambio con los medios que se acercaron hasta el bar, situado en el barrio porte\u00f1o de Palermo, donde se lanz\u00f3 oficialmente la campa\u00f1a de afiliaci\u00f3n. El objetivo es fortalecer el sello que contiene a la militancia del presidente Milei.<\/p>\n\n\n\n<p>En ese contexto, Menem hizo referencia al trayecto que seguir\u00e1 la&nbsp;<strong>Ley Bases<\/strong>&nbsp;en esta nueva etapa de discusi\u00f3n legislativa. En efecto, el presidente de la C\u00e1mara explic\u00f3 que se trata del mismo proyecto que ya fue rechazado en Diputados, pero que en esta oportunidad podr\u00e1 encontrar un dictamen distinto, que modifique su contenido posibilitando as\u00ed su aprobaci\u00f3n esta vez.<\/p>\n\n\n\n<p>Por otro lado, aclar\u00f3 nuevamente que el paquete fiscal &#8211; como denomina el gobierno al conjunto de reformas impositivas que albergaba inicialmente la ley &#8211; se tratar\u00e1 por separado. El mismo destino tendr\u00e1, seg\u00fan el riojano, la restituci\u00f3n del Impuesto a las Ganancias, tema es requerido por algunos espacios pol\u00edticos frente a la ca\u00edda de la recaudaci\u00f3n.<\/p>\n\n\n\n<p>De esta manera, el titular de la C\u00e1mara baja agreg\u00f3 informaci\u00f3n sobre un tema en el que ya se hab\u00eda referido el ministro del Interior,&nbsp;<strong>Guillermo Francos<\/strong>, que m\u00e1s temprano cont\u00f3 sobre las&nbsp;<strong>negociaciones avanzadas con mandatarios provinciales del ex Juntos por el Cambio para reinstaurar el tributo v\u00eda Congreso, con un piso de entre $1.500.000 y $2.000.000<\/strong>.<\/p>\n\n\n\n<p>Seg\u00fan los c\u00e1lculos del oficialismo, que comenzaron a entrar en duda en los \u00faltimos d\u00edas, la renovada ley de \u201cbases\u201d buscar\u00e1 ser aprobada a finales del corriente mes en Diputados, para tener luego un mes de discusi\u00f3n en el Senado y quedar sancionada antes de la eventual firma del Pacto de Mayo que propuso Milei a los gobernadores. A pesar de las intenciones, dicho objetivo se encuentra a\u00fan lejano.<\/p>\n\n\n\n<p>Una de las preocupaciones principales en despachos oficialistas es la falta de sincronizaci\u00f3n con los funcionarios nacionales que negocian con bloques autodenominados \u201cdialoguistas\u201d con la Casa Rosada. En el Senado ocurre algo similar. Incluso, hay alerta por las contradicciones entre la iniciativa original y la esquilada.<\/p>\n\n\n\n<p><img loading=\"lazy\" decoding=\"async\" alt=\"El recinto de la C\u00e1mara baja en la frustrada votaci\u00f3n de la ley \u00f3mnibus original (Gustavo Gavotti)\" height=\"1080\" width=\"1920\" class=\"\" src=\"https:\/\/www.infobae.com\/new-resizer\/qQVsKd9Zsg_CxcpJUTJ0D56jvwY=\/420x236\/filters:format(webp):quality(85)\/cloudfront-us-east-1.images.arcpublishing.com\/infobae\/7HYAYPN4BBBHPFJF7Y4FPHMDVM.JPG%20420w\" srcset=\"https:\/\/www.infobae.com\/new-resizer\/qQVsKd9Zsg_CxcpJUTJ0D56jvwY=\/420x236\/filters:format(webp):quality(85)\/cloudfront-us-east-1.images.arcpublishing.com\/infobae\/7HYAYPN4BBBHPFJF7Y4FPHMDVM.JPG 420w,https:\/\/www.infobae.com\/new-resizer\/wGQECJTDIW7ho0wedOTTK8pEtX8=\/768x432\/filters:format(webp):quality(85)\/cloudfront-us-east-1.images.arcpublishing.com\/infobae\/7HYAYPN4BBBHPFJF7Y4FPHMDVM.JPG 768w,https:\/\/www.infobae.com\/new-resizer\/g6ImNW-gxg-wPHx_laPZGm4ydws=\/992x558\/filters:format(webp):quality(85)\/cloudfront-us-east-1.images.arcpublishing.com\/infobae\/7HYAYPN4BBBHPFJF7Y4FPHMDVM.JPG 992w,https:\/\/www.infobae.com\/new-resizer\/ntNnpUIQCevQIn0yByvV61ggwdA=\/1200x675\/filters:format(webp):quality(85)\/cloudfront-us-east-1.images.arcpublishing.com\/infobae\/7HYAYPN4BBBHPFJF7Y4FPHMDVM.JPG 1200w,https:\/\/www.infobae.com\/new-resizer\/bSHGtYgfB0zF7-lSCaRoKKGD5M4=\/1440x810\/filters:format(webp):quality(85)\/cloudfront-us-east-1.images.arcpublishing.com\/infobae\/7HYAYPN4BBBHPFJF7Y4FPHMDVM.JPG 1440w\">El recinto de la C\u00e1mara baja en la frustrada votaci\u00f3n de la ley \u00f3mnibus original (Gustavo Gavotti)<\/p>\n\n\n\n<h2 class=\"wp-block-heading\">El debate en el Congreso<\/h2>\n\n\n\n<p>El mega DNU establece, en su primer art\u00edculo, la declaraci\u00f3n de \u201cla emergencia p\u00fablica en materia econ\u00f3mica, financiera, fiscal, administrativa, previsional, tarifaria, sanitaria y social hasta el 31 de diciembre de 2025\u2033. Es decir, ocho. En tanto, el borrador de la iniciativa -tambi\u00e9n llamada de \u201cbases\u201d- impone cuatro: administrativa, econ\u00f3mica, financiera y energ\u00e9tica por el plazo de un a\u00f1o.&nbsp;<strong>La diferencia es que, sobre las \u00faltimas, el Ejecutivo reclama la delegaci\u00f3n de facultades, un tema urticante para algunos sectores que se auto perciben \u201cdialoguistas\u201d<\/strong>.<\/p>\n\n\n\n<p><strong>Otro tema jugoso y que expuso a una parte de la oposici\u00f3n, durante el debate de la primera ley en Diputados, fue el de los fondos fiduciarios<\/strong>. \u201cSe entiende que ahora los quieran eliminar. De esta manera, se evitar\u00eda repetir el papel\u00f3n del verano por los intereses que aparecieron en pleno recinto. El problema es que<strong>&nbsp;no queda claro en el art\u00edculo quinto si vuelven al Tesoro. Tendr\u00eda que ir a coparticipaci\u00f3n.&nbsp;<\/strong>Si no, le dejamos una monta\u00f1a de plata al Ejecutivo para que convierta eso en los nuevos Aportes del Tesoro Nacional (ATN) para negociar con las provincias de manera bilateral. Hay ejemplos de los \u00faltimos a\u00f1os que no fueron vistos por ninguna de las anteriores gestiones. Y, sobre los mismos, se hizo cualquier cosa\u201d, expresaron desde otra bancada opositora.<\/p>\n\n\n\n<p>Seg\u00fan inform\u00f3 este medio durante el fin de semana, el&nbsp;<strong>art\u00edculo 71<\/strong>&nbsp;de la nueva redacci\u00f3n&nbsp;<strong>es \u201cimposible de votar\u201d&nbsp;<\/strong>para los integrantes de Hacemos Coalici\u00f3n Federal en la C\u00e1mara baja, por ser<strong>&nbsp;demasiado amplio<\/strong>&nbsp;e&nbsp;<strong>indeterminado<\/strong>. \u201cFac\u00faltase al Poder Ejecutivo nacional a disponer la derogaci\u00f3n o modificaci\u00f3n de regulaciones sobre la actividad econ\u00f3mica privada que importen un incremento de sus costos, limiten el ejercicio de la autonom\u00eda de la voluntad o provoquen la escasez de bienes y servicios sin justificaci\u00f3n de inter\u00e9s p\u00fablico suficiente\u201d, dice el texto del borrador.<\/p>\n\n\n\n<p>Por otro lado, hicieron algunos se\u00f1alamientos al\u00a0<strong>R\u00e9gimen de Incentivo para Grandes Inversiones<\/strong>. El \u201c<strong>RIGI<\/strong>\u201d implica beneficios impositivos y tambi\u00e9n excepciones en materia cambiaria para proyectos de inversi\u00f3n en \u00e1reas estrat\u00e9gicas. Las inversiones que se desarrollen dentro de este marco ser\u00e1n consideradas de \u201cinter\u00e9s nacional\u201d para garantizar su protecci\u00f3n.<\/p>\n\n\n\n<p><\/p>\n\n\n\n<p><em>Fuente: Infobae.<\/em><\/p>\n","protected":false},"excerpt":{"rendered":"<p>El presidente de la C\u00e1mara de Diputados se mostr\u00f3 cauteloso sobre la posibilidad de discutir el tributo en el Congreso. El futuro de la Ley \u00d3mnibus de cara al Pacto&hellip; <\/p>\n","protected":false},"author":6,"featured_media":138501,"comment_status":"closed","ping_status":"open","sticky":false,"template":"","format":"standard","meta":{"footnotes":""},"categories":[3],"tags":[],"class_list":["post-138494","post","type-post","status-publish","format-standard","has-post-thumbnail","hentry","category-politica"],"_links":{"self":[{"href":"https:\/\/corrientesdetarde.com\/index.php\/wp-json\/wp\/v2\/posts\/138494","targetHints":{"allow":["GET"]}}],"collection":[{"href":"https:\/\/corrientesdetarde.com\/index.php\/wp-json\/wp\/v2\/posts"}],"about":[{"href":"https:\/\/corrientesdetarde.com\/index.php\/wp-json\/wp\/v2\/types\/post"}],"author":[{"embeddable":true,"href":"https:\/\/corrientesdetarde.com\/index.php\/wp-json\/wp\/v2\/users\/6"}],"replies":[{"embeddable":true,"href":"https:\/\/corrientesdetarde.com\/index.php\/wp-json\/wp\/v2\/comments?post=138494"}],"version-history":[{"count":1,"href":"https:\/\/corrientesdetarde.com\/index.php\/wp-json\/wp\/v2\/posts\/138494\/revisions"}],"predecessor-version":[{"id":138502,"href":"https:\/\/corrientesdetarde.com\/index.php\/wp-json\/wp\/v2\/posts\/138494\/revisions\/138502"}],"wp:featuredmedia":[{"embeddable":true,"href":"https:\/\/corrientesdetarde.com\/index.php\/wp-json\/wp\/v2\/media\/138501"}],"wp:attachment":[{"href":"https:\/\/corrientesdetarde.com\/index.php\/wp-json\/wp\/v2\/media?parent=138494"}],"wp:term":[{"taxonomy":"category","embeddable":true,"href":"https:\/\/corrientesdetarde.com\/index.php\/wp-json\/wp\/v2\/categories?post=138494"},{"taxonomy":"post_tag","embeddable":true,"href":"https:\/\/corrientesdetarde.com\/index.php\/wp-json\/wp\/v2\/tags?post=138494"}],"curies":[{"name":"wp","href":"https:\/\/api.w.org\/{rel}","templated":true}]}}