{"id":138495,"date":"2024-04-07T21:52:47","date_gmt":"2024-04-08T00:52:47","guid":{"rendered":"https:\/\/corrientesdetarde.com\/?p=138495"},"modified":"2024-04-07T21:52:51","modified_gmt":"2024-04-08T00:52:51","slug":"que-pasara-con-las-deudas-previsionales-de-nacion-con-corrientes-2","status":"publish","type":"post","link":"https:\/\/corrientesdetarde.com\/index.php\/politica\/que-pasara-con-las-deudas-previsionales-de-nacion-con-corrientes-2\/","title":{"rendered":"Qu\u00e9 pasar\u00e1 con las deudas previsionales de Naci\u00f3n con Corrientes."},"content":{"rendered":"\n<h2 class=\"wp-block-heading\">El Gobierno de Javier Milei prepara un mecanismo para cumplir con el Instituto de Previsi\u00f3n Social. La queja de gobernadores fue escuchada pero la soluci\u00f3n deber\u00e1 esperar\u00a0 y no llegar\u00edan fondos.<\/h2>\n\n\n\n<p>Se conocieron m\u00e1s detalles de los puntos planteados por los gobernadores en la reuni\u00f3n que mantuvieron el jueves con funcionarios nacionales en la Casa Rosada. Se mantiene la incertidumbre con el pago a las cajas previsionales no transferidas. En Corrientes se confirm\u00f3 que no se cancelar\u00e1 la deuda y que el incumplimiento podr\u00eda continuar. Para saldar la deuda el gobierno nacional ofrecer\u00e1 un bono de $930 millones para el Instituto de Previsi\u00f3n Social.<\/p>\n\n\n\n<p>Para las transferencias de Anses, fijadas por ley, para las 13 cajas de jubilaciones provinciales no transferidas, seguir\u00e1 la poda de recursos. Pero hay quienes sostienen que &#8220;todav\u00eda est\u00e1 todo en el aire&#8221; porque los representantes de la Rosada se limitaron a ratificar que la &#8220;plata est\u00e1&#8221;, unos pocos interpretan que aceptaron &#8220;corregir&#8221; el DNU de hace una semana por el que se eliminaron los art\u00edculos del presupuesto 2023 prorrogado, que obligaba a la Anses a girar el dinero. Pese a ello, desde la asunci\u00f3n de Javier Milei se dej\u00f3 de enviar esos fondos.<\/p>\n\n\n\n<p>El esquema de retomar las transferencias ser\u00eda hacia adelante, mientras que la deuda acumulada se cancelar\u00eda con la emisi\u00f3n de un bono, lo que es una pr\u00e1ctica com\u00fan en estos casos. Este diario, en funci\u00f3n de los c\u00e1lculos de varias provincias, adelant\u00f3 que este mes Naci\u00f3n deber\u00eda girarle a Buenos Aires $25.300 millones; C\u00f3rdoba, $11.300 millones; Chaco $2.560 millones; Corrientes, $930 millones; Entre R\u00edos $6.500 millones; Formosa, $2.260 millones; La Pampa, $1.720 millones; Misiones, $1.790 millones y Santa Fe, $10.030 millones. En total, unos $62.500 millones.<\/p>\n\n\n\n<p>Desde que sali\u00f3 el decreto, los gobernadores de las provincias afectadas -incluso los m\u00e1s cercanos a la Rosada- le hicieron saber a Francos que est\u00e1n dispuestos a ir a la Corte Suprema de Justicia con el reclamo. Por el monto en juego, es un tema crucial para las finanzas provinciales. No hay avances en los pedidos de las provincias de reiniciar obras p\u00fablicas claves, de lo que vienen pidiendo precisiones a la Naci\u00f3n y tampoco se habl\u00f3 en los \u00faltimos contactos de los subsidios para el transporte.<\/p>\n\n\n\n<p>El gobernador &nbsp;recurri\u00f3 a la Corte para que el Estado nacional le pague 25.500 millones de pesos que es lo que entiende que le adeuda en virtud de los intereses por ajustes de las compensaciones dispuestas en 2019 y 2021, y las de 2022 y 2023.<\/p>\n\n\n\n<p>Estas cifras corresponden por no abonar en tiempo y forma las obligaciones asumidas por el Consenso Fiscal firmado el 27 de diciembre de 2021, el que estableci\u00f3 un marco definitivo respecto de cuestiones tributarias que fueran primero suspendidas y luego prorrogadas.<\/p>\n\n\n\n<p>La Corte envi\u00f3 el caso a la Procuraci\u00f3n, que opin\u00f3 que el asunto es de competencia originaria del m\u00e1ximo tribunal.<\/p>\n\n\n\n<p>&#8220;No nos mandaron nada desde principio de a\u00f1o. Tenemos una demanda metida hace varios meses; son $ 25.500 millones que le deben a la Provincia, m\u00e1s otro tanto de regal\u00edas, m\u00e1s un acuerdo fiscal no pagado y calculamos que son 100.000 millones que nos deben&#8221;, detall\u00f3.<\/p>\n\n\n\n<p>Vald\u00e9s insisti\u00f3 en que su administraci\u00f3n tiene sus cuentas ordenadas, sin deudas &#8220;Nuestra administraci\u00f3n est\u00e1 bien tenemos recursos, con plata no nos van a apretar, el correntino nunca se amansa a guachazos. Lo intentaron hacer los kirchneristas; que no intenten el mismo camino&#8221;, advirti\u00f3<\/p>\n\n\n\n<p>Explic\u00f3 que Naci\u00f3n &#8220;este a\u00f1o mand\u00f3 cero pesos para compensar caja. Por lo tanto hemos hecho la demanda ante la Corte Suprema de Justicia para que paguen a los jubilados correntinos que ahora hacemos frente con nuestros recursos y eso es lo que nos deben. As\u00ed como nos quieren cobrar tienen que pagarnos porque es ley, y el que incumple la ley comete un delito&#8221;<\/p>\n\n\n\n<p>Fuente: El Litoral<\/p>\n","protected":false},"excerpt":{"rendered":"<p>El Gobierno de Javier Milei prepara un mecanismo para cumplir con el Instituto de Previsi\u00f3n Social. La queja de gobernadores fue escuchada pero la soluci\u00f3n deber\u00e1 esperar\u00a0 y no llegar\u00edan&hellip; <\/p>\n","protected":false},"author":6,"featured_media":138499,"comment_status":"closed","ping_status":"open","sticky":false,"template":"","format":"standard","meta":{"footnotes":""},"categories":[3],"tags":[],"class_list":["post-138495","post","type-post","status-publish","format-standard","has-post-thumbnail","hentry","category-politica"],"_links":{"self":[{"href":"https:\/\/corrientesdetarde.com\/index.php\/wp-json\/wp\/v2\/posts\/138495","targetHints":{"allow":["GET"]}}],"collection":[{"href":"https:\/\/corrientesdetarde.com\/index.php\/wp-json\/wp\/v2\/posts"}],"about":[{"href":"https:\/\/corrientesdetarde.com\/index.php\/wp-json\/wp\/v2\/types\/post"}],"author":[{"embeddable":true,"href":"https:\/\/corrientesdetarde.com\/index.php\/wp-json\/wp\/v2\/users\/6"}],"replies":[{"embeddable":true,"href":"https:\/\/corrientesdetarde.com\/index.php\/wp-json\/wp\/v2\/comments?post=138495"}],"version-history":[{"count":1,"href":"https:\/\/corrientesdetarde.com\/index.php\/wp-json\/wp\/v2\/posts\/138495\/revisions"}],"predecessor-version":[{"id":138500,"href":"https:\/\/corrientesdetarde.com\/index.php\/wp-json\/wp\/v2\/posts\/138495\/revisions\/138500"}],"wp:featuredmedia":[{"embeddable":true,"href":"https:\/\/corrientesdetarde.com\/index.php\/wp-json\/wp\/v2\/media\/138499"}],"wp:attachment":[{"href":"https:\/\/corrientesdetarde.com\/index.php\/wp-json\/wp\/v2\/media?parent=138495"}],"wp:term":[{"taxonomy":"category","embeddable":true,"href":"https:\/\/corrientesdetarde.com\/index.php\/wp-json\/wp\/v2\/categories?post=138495"},{"taxonomy":"post_tag","embeddable":true,"href":"https:\/\/corrientesdetarde.com\/index.php\/wp-json\/wp\/v2\/tags?post=138495"}],"curies":[{"name":"wp","href":"https:\/\/api.w.org\/{rel}","templated":true}]}}