{"id":138510,"date":"2024-04-08T08:32:55","date_gmt":"2024-04-08T11:32:55","guid":{"rendered":"https:\/\/corrientesdetarde.com\/?p=138510"},"modified":"2024-04-08T09:10:07","modified_gmt":"2024-04-08T12:10:07","slug":"plus-unificado-de-abril-valdes-confirma-dias-de-pago-y-provincia-vuelca-cerca-de-2-800-millones","status":"publish","type":"post","link":"https:\/\/corrientesdetarde.com\/index.php\/locales\/plus-unificado-de-abril-valdes-confirma-dias-de-pago-y-provincia-vuelca-cerca-de-2-800-millones\/","title":{"rendered":"Plus Unificado de abril: Vald\u00e9s confirma d\u00edas de pago y Provincia vuelca cerca de $2.800 millones"},"content":{"rendered":"\n<p><\/p>\n\n\n\n<p><strong><em>A trav\u00e9s de sus redes sociales @gustavovaldesok, el gobernador Gustavo Vald\u00e9s adelant\u00f3 los d\u00edas de liquidaci\u00f3n del beneficio que alcanza a los agentes de la administraci\u00f3n p\u00fablica de Corrientes. El cronograma comienza el martes 9, hasta el lunes 15.<\/em><\/strong><\/p>\n\n\n\n<p>El pago del Adicional Remunerativo Mensual de $33.500 mil pesos por agente, correspondiente a abril, comienza este martes 9, para aquellos con Documento Nacional de Identidad terminados en 0 y 1.<\/p>\n\n\n\n<p>El mi\u00e9rcoles 10, ser\u00e1 el turno de los agentes con DNI finalizados en 2 y 3; el jueves 11, aquellos con documentos terminados en 4 y 5. El viernes 12, quienes tengan 6 y 7. El pago finalizar\u00e1 el lunes 15, para los n\u00fameros 8 y 9; este tramo estar\u00e1 disponible a trav\u00e9s de los cajeros habilitados por el Banco de Corrientes, el s\u00e1bado 13.<\/p>\n\n\n\n<p><strong>A la econom\u00eda local<\/strong><\/p>\n\n\n\n<p>Para pagar el Adicional Remunerativo Mensual (Plus Unificado) de $33.500, en abril, el Gobierno de Corrientes vuelva a la econom\u00eda local alrededor de $2.800 millones.<\/p>\n","protected":false},"excerpt":{"rendered":"<p>A trav\u00e9s de sus redes sociales @gustavovaldesok, el gobernador Gustavo Vald\u00e9s adelant\u00f3 los d\u00edas de liquidaci\u00f3n del beneficio que alcanza a los agentes de la administraci\u00f3n p\u00fablica de Corrientes. El&hellip; <\/p>\n","protected":false},"author":12,"featured_media":138516,"comment_status":"closed","ping_status":"open","sticky":false,"template":"","format":"standard","meta":{"footnotes":""},"categories":[8],"tags":[],"class_list":["post-138510","post","type-post","status-publish","format-standard","has-post-thumbnail","hentry","category-locales"],"_links":{"self":[{"href":"https:\/\/corrientesdetarde.com\/index.php\/wp-json\/wp\/v2\/posts\/138510","targetHints":{"allow":["GET"]}}],"collection":[{"href":"https:\/\/corrientesdetarde.com\/index.php\/wp-json\/wp\/v2\/posts"}],"about":[{"href":"https:\/\/corrientesdetarde.com\/index.php\/wp-json\/wp\/v2\/types\/post"}],"author":[{"embeddable":true,"href":"https:\/\/corrientesdetarde.com\/index.php\/wp-json\/wp\/v2\/users\/12"}],"replies":[{"embeddable":true,"href":"https:\/\/corrientesdetarde.com\/index.php\/wp-json\/wp\/v2\/comments?post=138510"}],"version-history":[{"count":1,"href":"https:\/\/corrientesdetarde.com\/index.php\/wp-json\/wp\/v2\/posts\/138510\/revisions"}],"predecessor-version":[{"id":138519,"href":"https:\/\/corrientesdetarde.com\/index.php\/wp-json\/wp\/v2\/posts\/138510\/revisions\/138519"}],"wp:featuredmedia":[{"embeddable":true,"href":"https:\/\/corrientesdetarde.com\/index.php\/wp-json\/wp\/v2\/media\/138516"}],"wp:attachment":[{"href":"https:\/\/corrientesdetarde.com\/index.php\/wp-json\/wp\/v2\/media?parent=138510"}],"wp:term":[{"taxonomy":"category","embeddable":true,"href":"https:\/\/corrientesdetarde.com\/index.php\/wp-json\/wp\/v2\/categories?post=138510"},{"taxonomy":"post_tag","embeddable":true,"href":"https:\/\/corrientesdetarde.com\/index.php\/wp-json\/wp\/v2\/tags?post=138510"}],"curies":[{"name":"wp","href":"https:\/\/api.w.org\/{rel}","templated":true}]}}