{"id":138573,"date":"2024-04-08T11:48:47","date_gmt":"2024-04-08T14:48:47","guid":{"rendered":"https:\/\/corrientesdetarde.com\/?p=138573"},"modified":"2024-04-08T11:48:51","modified_gmt":"2024-04-08T14:48:51","slug":"corrientes-anuncio-inicio-de-la-vacunacion-contra-el-dengue-para-capital-y-san-luis-del-palmar","status":"publish","type":"post","link":"https:\/\/corrientesdetarde.com\/index.php\/destacados\/corrientes-anuncio-inicio-de-la-vacunacion-contra-el-dengue-para-capital-y-san-luis-del-palmar\/","title":{"rendered":"Corrientes anunci\u00f3 inicio de la vacunaci\u00f3n contra el dengue para Capital y San Luis del Palmar"},"content":{"rendered":"\n<p>En el Sal\u00f3n Amarillo de Casa de Gobierno se realiz\u00f3 la presentaci\u00f3n de la Campa\u00f1a Provincial de Vacunaci\u00f3n contra el dengue, con las primeras 200.000 dosis adquiridas por el Gobierno de Corrientes. La Capital de Corrientes y San Luis del Palmar ser\u00e1n las primeras y se seguir\u00e1 con las diferentes regiones sanitarias en los pr\u00f3ximos meses, en base al avance del brote.\u00a0<strong>El gobernador Gustavo Vald\u00e9s adelant\u00f3 que comenzar\u00e1 el mi\u00e9rcoles 10 para el segmento de 20 a 40 a\u00f1os.<\/strong><\/p>\n\n\n\n<p><\/p>\n\n\n\n<figure class=\"wp-block-embed is-type-video is-provider-youtube wp-block-embed-youtube wp-embed-aspect-4-3 wp-has-aspect-ratio\"><div class=\"wp-block-embed__wrapper\">\n<iframe loading=\"lazy\" title=\"Campa\u00f1a Provincial de Vacunaci\u00f3n contra el Dengue.\" width=\"1110\" height=\"833\" src=\"https:\/\/www.youtube.com\/embed\/_835yZIbUWs?feature=oembed\" frameborder=\"0\" allow=\"accelerometer; autoplay; clipboard-write; encrypted-media; gyroscope; picture-in-picture; web-share\" referrerpolicy=\"strict-origin-when-cross-origin\" allowfullscreen><\/iframe>\n<\/div><\/figure>\n","protected":false},"excerpt":{"rendered":"<p>En el Sal\u00f3n Amarillo de Casa de Gobierno se realiz\u00f3 la presentaci\u00f3n de la Campa\u00f1a Provincial de Vacunaci\u00f3n contra el dengue, con las primeras 200.000 dosis adquiridas por el Gobierno&hellip; <\/p>\n","protected":false},"author":12,"featured_media":138600,"comment_status":"closed","ping_status":"open","sticky":false,"template":"","format":"standard","meta":{"footnotes":""},"categories":[26],"tags":[],"class_list":["post-138573","post","type-post","status-publish","format-standard","has-post-thumbnail","hentry","category-destacados"],"_links":{"self":[{"href":"https:\/\/corrientesdetarde.com\/index.php\/wp-json\/wp\/v2\/posts\/138573","targetHints":{"allow":["GET"]}}],"collection":[{"href":"https:\/\/corrientesdetarde.com\/index.php\/wp-json\/wp\/v2\/posts"}],"about":[{"href":"https:\/\/corrientesdetarde.com\/index.php\/wp-json\/wp\/v2\/types\/post"}],"author":[{"embeddable":true,"href":"https:\/\/corrientesdetarde.com\/index.php\/wp-json\/wp\/v2\/users\/12"}],"replies":[{"embeddable":true,"href":"https:\/\/corrientesdetarde.com\/index.php\/wp-json\/wp\/v2\/comments?post=138573"}],"version-history":[{"count":1,"href":"https:\/\/corrientesdetarde.com\/index.php\/wp-json\/wp\/v2\/posts\/138573\/revisions"}],"predecessor-version":[{"id":138601,"href":"https:\/\/corrientesdetarde.com\/index.php\/wp-json\/wp\/v2\/posts\/138573\/revisions\/138601"}],"wp:featuredmedia":[{"embeddable":true,"href":"https:\/\/corrientesdetarde.com\/index.php\/wp-json\/wp\/v2\/media\/138600"}],"wp:attachment":[{"href":"https:\/\/corrientesdetarde.com\/index.php\/wp-json\/wp\/v2\/media?parent=138573"}],"wp:term":[{"taxonomy":"category","embeddable":true,"href":"https:\/\/corrientesdetarde.com\/index.php\/wp-json\/wp\/v2\/categories?post=138573"},{"taxonomy":"post_tag","embeddable":true,"href":"https:\/\/corrientesdetarde.com\/index.php\/wp-json\/wp\/v2\/tags?post=138573"}],"curies":[{"name":"wp","href":"https:\/\/api.w.org\/{rel}","templated":true}]}}