{"id":138574,"date":"2024-04-08T11:46:50","date_gmt":"2024-04-08T14:46:50","guid":{"rendered":"https:\/\/corrientesdetarde.com\/?p=138574"},"modified":"2024-04-08T11:47:02","modified_gmt":"2024-04-08T14:47:02","slug":"por-un-paro-del-gremio-anses-no-atendera-el-miercoles-10-de-abril","status":"publish","type":"post","link":"https:\/\/corrientesdetarde.com\/index.php\/locales\/por-un-paro-del-gremio-anses-no-atendera-el-miercoles-10-de-abril\/","title":{"rendered":"Por un paro del gremio: ANSES no atender\u00e1 el mi\u00e9rcoles 10 de abril"},"content":{"rendered":"\n<p><audio src=\"https:\/\/www.radiosudamericana.com\/notix\/multimedia\/audios\/2024-04-08\/618438.mp3\"><\/audio><\/p>\n\n\n\n<p>El sindicato que nuclea a los trabajadores de la ANSES anunci\u00f3 un paro para el&nbsp;<strong>mi\u00e9rcoles 10 de abril<\/strong>, en reclamo frente a los despidos de m\u00e1s de 850 empleados en todo el pa\u00eds.<\/p>\n\n\n\n<p>Por la paralizaci\u00f3n de actividades,\u00a0<strong>las oficinas del organismo previsional permanecer\u00e1n cerradas<\/strong>. Este mi\u00e9rcoles, inicia el calendario de pagos de los jubilados, pensionados y otras asignaciones que liquida la ANSES<\/p>\n\n\n\n<p><strong>El calendario de pagos seguir\u00e1 sin cambios<\/strong>, ya que los haberes son liquidados en los bancos. A continuaci\u00f3n, las fechas de cobro de este mi\u00e9rcoles 10 de abril:<\/p>\n\n\n\n<ul class=\"wp-block-list\">\n<li>Jubilados y pensionados que no superen el haber m\u00ednimo: DNI finalizados en 0;<\/li>\n\n\n\n<li>Titulares de la Asignaci\u00f3n Universal por Hijo (AUH): DNI finalizados en 0;<\/li>\n\n\n\n<li>Titulares de la Asignaci\u00f3n por Embarazo (AUE): DNI finalizados en 0;<\/li>\n\n\n\n<li>Titulares de asignaciones de Pago \u00danico: todos las terminaciones de documentos;<\/li>\n\n\n\n<li>Titulares de las asignaciones familiares de Pensiones no Contributivas: todos las terminaciones de documentos.<\/li>\n<\/ul>\n","protected":false},"excerpt":{"rendered":"<p>El sindicato que nuclea a los trabajadores de la ANSES anunci\u00f3 un paro para el&nbsp;mi\u00e9rcoles 10 de abril, en reclamo frente a los despidos de m\u00e1s de 850 empleados en&hellip; <\/p>\n","protected":false},"author":12,"featured_media":138598,"comment_status":"closed","ping_status":"open","sticky":false,"template":"","format":"standard","meta":{"footnotes":""},"categories":[8],"tags":[],"class_list":["post-138574","post","type-post","status-publish","format-standard","has-post-thumbnail","hentry","category-locales"],"_links":{"self":[{"href":"https:\/\/corrientesdetarde.com\/index.php\/wp-json\/wp\/v2\/posts\/138574","targetHints":{"allow":["GET"]}}],"collection":[{"href":"https:\/\/corrientesdetarde.com\/index.php\/wp-json\/wp\/v2\/posts"}],"about":[{"href":"https:\/\/corrientesdetarde.com\/index.php\/wp-json\/wp\/v2\/types\/post"}],"author":[{"embeddable":true,"href":"https:\/\/corrientesdetarde.com\/index.php\/wp-json\/wp\/v2\/users\/12"}],"replies":[{"embeddable":true,"href":"https:\/\/corrientesdetarde.com\/index.php\/wp-json\/wp\/v2\/comments?post=138574"}],"version-history":[{"count":1,"href":"https:\/\/corrientesdetarde.com\/index.php\/wp-json\/wp\/v2\/posts\/138574\/revisions"}],"predecessor-version":[{"id":138599,"href":"https:\/\/corrientesdetarde.com\/index.php\/wp-json\/wp\/v2\/posts\/138574\/revisions\/138599"}],"wp:featuredmedia":[{"embeddable":true,"href":"https:\/\/corrientesdetarde.com\/index.php\/wp-json\/wp\/v2\/media\/138598"}],"wp:attachment":[{"href":"https:\/\/corrientesdetarde.com\/index.php\/wp-json\/wp\/v2\/media?parent=138574"}],"wp:term":[{"taxonomy":"category","embeddable":true,"href":"https:\/\/corrientesdetarde.com\/index.php\/wp-json\/wp\/v2\/categories?post=138574"},{"taxonomy":"post_tag","embeddable":true,"href":"https:\/\/corrientesdetarde.com\/index.php\/wp-json\/wp\/v2\/tags?post=138574"}],"curies":[{"name":"wp","href":"https:\/\/api.w.org\/{rel}","templated":true}]}}