{"id":138579,"date":"2024-04-08T10:48:18","date_gmt":"2024-04-08T13:48:18","guid":{"rendered":"https:\/\/corrientesdetarde.com\/?p=138579"},"modified":"2024-04-08T10:48:29","modified_gmt":"2024-04-08T13:48:29","slug":"saladas-comenzaron-las-clases-del-ballet-ramon-paulino-feu","status":"publish","type":"post","link":"https:\/\/corrientesdetarde.com\/index.php\/interior\/saladas-comenzaron-las-clases-del-ballet-ramon-paulino-feu\/","title":{"rendered":"SALADAS: COMENZARON LAS CLASES DEL BALLET \u201cRAM\u00d3N PAULINO FE\u00dc\u201d"},"content":{"rendered":"\n<p><a href=\"https:\/\/www.cadenaderadios.com.ar\/multimedia\/imagenes\/fotos\/2024-04-08\/778824_grande.jpg\"><\/a><\/p>\n\n\n\n<p><strong>Con el Profesor Federico Leyes al frente, hoy inici\u00f3 el ciclo 2024 de la Escuela de Danzas y Ballet Folcl\u00f3rico Municipal, con el objetivo que, ni\u00f1os, j\u00f3venes y adultos, aprendan los bailes t\u00edpicos de Corrientes y el pa\u00eds, y consolidar un cuerpo de actuaciones durante el a\u00f1o.<\/strong><\/p>\n\n\n\n<p>La actividad se desarroll\u00f3 en el SUM del Centro Cultural \u201cSargento Juan Bautista Cabral\u201d de Saladas, con la bienvenida de parte del Director de Educaci\u00f3n y Cultura, Lic. N\u00e9stor Rub\u00e9n Arce junto al flamante profesor a cargo del ballet.<\/p>\n\n\n\n<p>Se dictaron las clases de infantil-juvenil en la primera hora, y luego de adultos. Las mismas tendr\u00e1n lugar en el mismo centro, todos los s\u00e1bados a partir de las 10:00 de la ma\u00f1ana. Para mayor informaci\u00f3n: 3782-436119.<\/p>\n\n\n\n<p>El Profe Leyes, agradeci\u00f3 la oportunidad al intendente Noel G\u00f3mez y resalt\u00f3 que \u201cel ballet Ram\u00f3n Paulino Fe\u00fc, es muy importante en mi vida como bailar\u00edn, porque me ayud\u00f3 a crecer, como tambi\u00e9n las otras compa\u00f1\u00edas donde estuve. En cada lugar, aprend\u00ed algo\u201d.<\/p>\n\n\n\n<figure class=\"wp-block-gallery has-nested-images columns-default is-cropped wp-block-gallery-1 is-layout-flex wp-block-gallery-is-layout-flex\">\n<figure class=\"wp-block-image size-large\"><img loading=\"lazy\" decoding=\"async\" width=\"1000\" height=\"666\" data-id=\"138589\" src=\"https:\/\/corrientesdetarde.com\/wp-content\/uploads\/2024\/04\/bannet.jpg\" alt=\"\" class=\"wp-image-138589\" srcset=\"https:\/\/corrientesdetarde.com\/wp-content\/uploads\/2024\/04\/bannet.jpg 1000w, https:\/\/corrientesdetarde.com\/wp-content\/uploads\/2024\/04\/bannet-300x200.jpg 300w, https:\/\/corrientesdetarde.com\/wp-content\/uploads\/2024\/04\/bannet-768x511.jpg 768w\" sizes=\"auto, (max-width: 1000px) 100vw, 1000px\" \/><\/figure>\n\n\n\n<figure class=\"wp-block-image size-large\"><img loading=\"lazy\" decoding=\"async\" width=\"1000\" height=\"666\" data-id=\"138590\" src=\"https:\/\/corrientesdetarde.com\/wp-content\/uploads\/2024\/04\/balet-2.jpg\" alt=\"\" class=\"wp-image-138590\" srcset=\"https:\/\/corrientesdetarde.com\/wp-content\/uploads\/2024\/04\/balet-2.jpg 1000w, https:\/\/corrientesdetarde.com\/wp-content\/uploads\/2024\/04\/balet-2-300x200.jpg 300w, https:\/\/corrientesdetarde.com\/wp-content\/uploads\/2024\/04\/balet-2-768x511.jpg 768w\" sizes=\"auto, (max-width: 1000px) 100vw, 1000px\" \/><\/figure>\n<\/figure>\n","protected":false},"excerpt":{"rendered":"<p>Con el Profesor Federico Leyes al frente, hoy inici\u00f3 el ciclo 2024 de la Escuela de Danzas y Ballet Folcl\u00f3rico Municipal, con el objetivo que, ni\u00f1os, j\u00f3venes y adultos, aprendan&hellip; <\/p>\n","protected":false},"author":12,"featured_media":138591,"comment_status":"closed","ping_status":"open","sticky":false,"template":"","format":"standard","meta":{"footnotes":""},"categories":[1658],"tags":[],"class_list":["post-138579","post","type-post","status-publish","format-standard","has-post-thumbnail","hentry","category-interior"],"_links":{"self":[{"href":"https:\/\/corrientesdetarde.com\/index.php\/wp-json\/wp\/v2\/posts\/138579","targetHints":{"allow":["GET"]}}],"collection":[{"href":"https:\/\/corrientesdetarde.com\/index.php\/wp-json\/wp\/v2\/posts"}],"about":[{"href":"https:\/\/corrientesdetarde.com\/index.php\/wp-json\/wp\/v2\/types\/post"}],"author":[{"embeddable":true,"href":"https:\/\/corrientesdetarde.com\/index.php\/wp-json\/wp\/v2\/users\/12"}],"replies":[{"embeddable":true,"href":"https:\/\/corrientesdetarde.com\/index.php\/wp-json\/wp\/v2\/comments?post=138579"}],"version-history":[{"count":1,"href":"https:\/\/corrientesdetarde.com\/index.php\/wp-json\/wp\/v2\/posts\/138579\/revisions"}],"predecessor-version":[{"id":138592,"href":"https:\/\/corrientesdetarde.com\/index.php\/wp-json\/wp\/v2\/posts\/138579\/revisions\/138592"}],"wp:featuredmedia":[{"embeddable":true,"href":"https:\/\/corrientesdetarde.com\/index.php\/wp-json\/wp\/v2\/media\/138591"}],"wp:attachment":[{"href":"https:\/\/corrientesdetarde.com\/index.php\/wp-json\/wp\/v2\/media?parent=138579"}],"wp:term":[{"taxonomy":"category","embeddable":true,"href":"https:\/\/corrientesdetarde.com\/index.php\/wp-json\/wp\/v2\/categories?post=138579"},{"taxonomy":"post_tag","embeddable":true,"href":"https:\/\/corrientesdetarde.com\/index.php\/wp-json\/wp\/v2\/tags?post=138579"}],"curies":[{"name":"wp","href":"https:\/\/api.w.org\/{rel}","templated":true}]}}