{"id":138580,"date":"2024-04-08T10:45:24","date_gmt":"2024-04-08T13:45:24","guid":{"rendered":"https:\/\/corrientesdetarde.com\/?p=138580"},"modified":"2024-04-08T10:45:27","modified_gmt":"2024-04-08T13:45:27","slug":"carros-de-comida-deben-mudarse-hoy-al-nuevo-espacio-gastronomico","status":"publish","type":"post","link":"https:\/\/corrientesdetarde.com\/index.php\/locales\/carros-de-comida-deben-mudarse-hoy-al-nuevo-espacio-gastronomico\/","title":{"rendered":"CARROS DE COMIDA DEBEN MUDARSE HOY AL NUEVO ESPACIO GASTRON\u00d3MICO"},"content":{"rendered":"\n<p>El paseo est\u00e1 debajo del puente inter\u00adprovincial. El municipio hab\u00eda auto\u00adrizado que el cambio se produjera despu\u00e9s de la Semana Santa.<\/p>\n\n\n\n<p>Durante la jornada de hoy, unos 15 due\u00f1os de carros de comida tendr\u00e1n que ins\u00adtalarse en el paseo gastro\u00adn\u00f3mico que se construy\u00f3 debajo del puente interpro\u00advincial. El nuevo sector co\u00admercial fue construido por la Municipalidad, aunque con algunas medidas m\u00e1s reducidas que oblig\u00f3 a todos a achicar sus tr\u00e1ilers (food trucks) para poder ocupar los espacios designados.<\/p>\n\n\n\n<p>El subsecretario de Co\u00admercio del Municipio, Val\u00adtier Valdemar, record\u00f3 que el plazo vence hoy; que en su momento hab\u00edan recibido el pedido de los comercian\u00adtes de mudar los carros de Costanera Sur, despu\u00e9s de Semana Santa, para que tan\u00adto los vecinos como turis\u00adtas pudieran disfrutar de la playa y la costanera, &#8220;se les tom\u00f3 en cuenta para tras\u00adladarlos el 8 de abril, ahora tienen que hacerlo&#8221;, dijo el funcionario.<\/p>\n\n\n\n<p>Tambi\u00e9n especific\u00f3 que &#8220;los carritos tienen venta de comestibles, tambi\u00e9n ven\u00adden inflables, chip\u00e1 m\u2019boc\u00e1, y se les va a respetar los per\u00admisos que tienen otorgados para que sigan funcionando sin afectar su desenvolvi\u00admiento&#8221;, agreg\u00f3.<\/p>\n\n\n\n<p>Los carros cuentan con electricidad y agua. &#8220;El acuerdo incluye la entrega de las llaves para que pue\u00addan ir acondicionando sus carros, para que desde el 8 de abril empiecen la mudan\u00adza&#8221;,&nbsp;<\/p>\n\n\n\n<p>El pasado 20 de marzo se entreg\u00f3 la resoluci\u00f3n de reu\u00adbicaci\u00f3n a los comerciantes que se encontraban en la avenida Juan Pablo II, infor\u00adm\u00e1ndoles que el traslado se llevar\u00eda a cabo en los prime\u00adros d\u00edas de abril.<\/p>\n\n\n\n<p>Ram\u00f3n Fern\u00e1ndez, uno de los vendedores ambulantes m\u00e1s antiguos de la ciudad, expres\u00f3 que el proceso de traslado de los 15 propieta\u00adrios de carritos comenzar\u00e1 hoy. &#8220;Tenemos m\u00e1s de 20 a\u00f1os trabajando aqu\u00ed. La mayor\u00eda trabaja casi las 24 horas. Somos familias de trabajo y la gente puede dar\u00adfe del sacrificio que hacemos todos los d\u00edas&#8221;, coment\u00f3 Fern\u00e1ndez en declaraciones a la prensa.<\/p>\n\n\n\n<p>Seg\u00fan establecieron des\u00adde el Municipio, los propie\u00adtarios pueden arrancar con la mudanza desde las 8 de hoy y podr\u00e1n extenderse hasta las 20 para completar con todas las tareas que im\u00adplicar\u00e1 el traslado general de los carros y sus elementos. Todav\u00eda hay cierta resisten\u00adcia por parte de los due\u00f1os de los carros quienes tienen sus puestos establecidos desde hace m\u00e1s de tres d\u00e9ca\u00addas en la costanera General San Mart\u00edn.<\/p>\n","protected":false},"excerpt":{"rendered":"<p>El paseo est\u00e1 debajo del puente inter\u00adprovincial. El municipio hab\u00eda auto\u00adrizado que el cambio se produjera despu\u00e9s de la Semana Santa. Durante la jornada de hoy, unos 15 due\u00f1os de&hellip; <\/p>\n","protected":false},"author":12,"featured_media":138586,"comment_status":"closed","ping_status":"open","sticky":false,"template":"","format":"standard","meta":{"footnotes":""},"categories":[8],"tags":[],"class_list":["post-138580","post","type-post","status-publish","format-standard","has-post-thumbnail","hentry","category-locales"],"_links":{"self":[{"href":"https:\/\/corrientesdetarde.com\/index.php\/wp-json\/wp\/v2\/posts\/138580","targetHints":{"allow":["GET"]}}],"collection":[{"href":"https:\/\/corrientesdetarde.com\/index.php\/wp-json\/wp\/v2\/posts"}],"about":[{"href":"https:\/\/corrientesdetarde.com\/index.php\/wp-json\/wp\/v2\/types\/post"}],"author":[{"embeddable":true,"href":"https:\/\/corrientesdetarde.com\/index.php\/wp-json\/wp\/v2\/users\/12"}],"replies":[{"embeddable":true,"href":"https:\/\/corrientesdetarde.com\/index.php\/wp-json\/wp\/v2\/comments?post=138580"}],"version-history":[{"count":1,"href":"https:\/\/corrientesdetarde.com\/index.php\/wp-json\/wp\/v2\/posts\/138580\/revisions"}],"predecessor-version":[{"id":138587,"href":"https:\/\/corrientesdetarde.com\/index.php\/wp-json\/wp\/v2\/posts\/138580\/revisions\/138587"}],"wp:featuredmedia":[{"embeddable":true,"href":"https:\/\/corrientesdetarde.com\/index.php\/wp-json\/wp\/v2\/media\/138586"}],"wp:attachment":[{"href":"https:\/\/corrientesdetarde.com\/index.php\/wp-json\/wp\/v2\/media?parent=138580"}],"wp:term":[{"taxonomy":"category","embeddable":true,"href":"https:\/\/corrientesdetarde.com\/index.php\/wp-json\/wp\/v2\/categories?post=138580"},{"taxonomy":"post_tag","embeddable":true,"href":"https:\/\/corrientesdetarde.com\/index.php\/wp-json\/wp\/v2\/tags?post=138580"}],"curies":[{"name":"wp","href":"https:\/\/api.w.org\/{rel}","templated":true}]}}