{"id":138581,"date":"2024-04-08T10:44:12","date_gmt":"2024-04-08T13:44:12","guid":{"rendered":"https:\/\/corrientesdetarde.com\/?p=138581"},"modified":"2024-04-08T10:44:15","modified_gmt":"2024-04-08T13:44:15","slug":"monte-caseros-la-equinoterapia-se-instala-como-alternativa-terapeutica","status":"publish","type":"post","link":"https:\/\/corrientesdetarde.com\/index.php\/interior\/monte-caseros-la-equinoterapia-se-instala-como-alternativa-terapeutica\/","title":{"rendered":"MONTE CASEROS: LA EQUINOTERAPIA SE INSTALA COMO ALTERNATIVA TERAP\u00c9UTICA"},"content":{"rendered":"\n<p>Es una alternativa terap\u00e9utica para el tratamiento de diferentes patolog\u00edas, donde se usa los movimientos y el contacto con el caballo para lograr las respuestas deseadas en una persona, en funci\u00f3n de su discapacidad, o personas con problemas de adaptaci\u00f3n social e integraci\u00f3n.<\/p>\n\n\n\n<p>Tambi\u00e9n est\u00e1 dirigida a aquellas personas que quieran entrar en el mundo del caballo para llevar una mejor calidad de vida. El equipo est\u00e1 compuesto por los profesores Ayel\u00e9n Gonz\u00e1lez y Mat\u00edas Vargas, la asistente terap\u00e9utica Laura King y los voluntarios alumnos de Equitaci\u00f3n de la Escuela &#8221;La Clarita&#8221; Fausto Aguero y Morena Araya.<\/p>\n\n\n\n<p><br>La Escuela \u2018\u2019La Clarita\u2019\u2019 agradece la colaboraci\u00f3n y el apoyo del Gobierno Provincial a trav\u00e9s del Ministro de Coordinaci\u00f3n y Planificaci\u00f3n Miguel Olivieri en la puesta a punto de la pista ecuestre y de la rectora del Instituto Meyer Ver\u00f3nica P\u00e9rez, establecimiento acad\u00e9mico que cuenta con el profesorado de Educaci\u00f3n Especial con Orientaci\u00f3n en Discapacidad Intelectual.<\/p>\n","protected":false},"excerpt":{"rendered":"<p>Es una alternativa terap\u00e9utica para el tratamiento de diferentes patolog\u00edas, donde se usa los movimientos y el contacto con el caballo para lograr las respuestas deseadas en una persona, en&hellip; <\/p>\n","protected":false},"author":12,"featured_media":138584,"comment_status":"closed","ping_status":"open","sticky":false,"template":"","format":"standard","meta":{"footnotes":""},"categories":[1658],"tags":[],"class_list":["post-138581","post","type-post","status-publish","format-standard","has-post-thumbnail","hentry","category-interior"],"_links":{"self":[{"href":"https:\/\/corrientesdetarde.com\/index.php\/wp-json\/wp\/v2\/posts\/138581","targetHints":{"allow":["GET"]}}],"collection":[{"href":"https:\/\/corrientesdetarde.com\/index.php\/wp-json\/wp\/v2\/posts"}],"about":[{"href":"https:\/\/corrientesdetarde.com\/index.php\/wp-json\/wp\/v2\/types\/post"}],"author":[{"embeddable":true,"href":"https:\/\/corrientesdetarde.com\/index.php\/wp-json\/wp\/v2\/users\/12"}],"replies":[{"embeddable":true,"href":"https:\/\/corrientesdetarde.com\/index.php\/wp-json\/wp\/v2\/comments?post=138581"}],"version-history":[{"count":1,"href":"https:\/\/corrientesdetarde.com\/index.php\/wp-json\/wp\/v2\/posts\/138581\/revisions"}],"predecessor-version":[{"id":138585,"href":"https:\/\/corrientesdetarde.com\/index.php\/wp-json\/wp\/v2\/posts\/138581\/revisions\/138585"}],"wp:featuredmedia":[{"embeddable":true,"href":"https:\/\/corrientesdetarde.com\/index.php\/wp-json\/wp\/v2\/media\/138584"}],"wp:attachment":[{"href":"https:\/\/corrientesdetarde.com\/index.php\/wp-json\/wp\/v2\/media?parent=138581"}],"wp:term":[{"taxonomy":"category","embeddable":true,"href":"https:\/\/corrientesdetarde.com\/index.php\/wp-json\/wp\/v2\/categories?post=138581"},{"taxonomy":"post_tag","embeddable":true,"href":"https:\/\/corrientesdetarde.com\/index.php\/wp-json\/wp\/v2\/tags?post=138581"}],"curies":[{"name":"wp","href":"https:\/\/api.w.org\/{rel}","templated":true}]}}