{"id":138606,"date":"2024-04-08T13:19:35","date_gmt":"2024-04-08T16:19:35","guid":{"rendered":"https:\/\/corrientesdetarde.com\/?p=138606"},"modified":"2024-04-08T13:19:39","modified_gmt":"2024-04-08T16:19:39","slug":"valdes-presento-la-campana-de-vacunacion-contra-el-dengue-que-llevara-adelante-el-gobierno-provincial","status":"publish","type":"post","link":"https:\/\/corrientesdetarde.com\/index.php\/locales\/valdes-presento-la-campana-de-vacunacion-contra-el-dengue-que-llevara-adelante-el-gobierno-provincial\/","title":{"rendered":"Vald\u00e9s present\u00f3 la Campa\u00f1a de Vacunaci\u00f3n contra el Dengue que llevar\u00e1 adelante el Gobierno provincial"},"content":{"rendered":"\n<p>El gobernador Gustavo Vald\u00e9s present\u00f3 este lunes la Campa\u00f1a Provincial de Vacunaci\u00f3n contra el Dengue, en un contexto donde la enfermedad viene acrecentando sus casos en todo el pa\u00eds. La campa\u00f1a, de car\u00e1cter gratuita, est\u00e1 destinada preferentemente a personas sin cobertura social, de entre 20 y 40 a\u00f1os y con residencia en zonas end\u00e9micas de la provincia. \u201cComo Gobierno de Corrientes tomamos la decisi\u00f3n de proteger a la poblaci\u00f3n. En este caso la vacuna no es obligatoria, es optativa\u201d, puntualiz\u00f3 el mandatario.<\/p>\n\n\n\n<p>Vald\u00e9s inform\u00f3 que a partir de este mi\u00e9rcoles la vacunaci\u00f3n estar\u00e1 en marcha y pidi\u00f3 a la poblaci\u00f3n protegerse del mosquito transmisor con repelente y descacharrado, \u201ccuid\u00e1ndonos para prevenir futuros brotes\u201d.<\/p>\n\n\n\n<p>La vacuna es gratuita y su solicitud se realiza en&nbsp;<a href=\"http:\/\/vacunacion.corrientes.gob.ar\/\" target=\"_blank\" rel=\"noreferrer noopener\">vacunacion.corrientes.gob.ar<\/a>. Por otra parte, se encuentra disponible Chamigo, un asistente virtual que informar\u00e1 sobre turnos y con quien se podr\u00e1 consultar tanto por s\u00edntomas como por recomendaciones, dirigi\u00e9ndose al n\u00famero 3794-556055.<\/p>\n\n\n\n<p>Vald\u00e9s se\u00f1al\u00f3 que la campa\u00f1a est\u00e1 destinada a personas de 20 a 40 a\u00f1os sin cobertura social residentes en ciudades que hayan tenido brotes (Capital, Paso de la Patria, San Luis del Palmar, Bella Vista, Santo Tom\u00e9, Virasoro e Ituzaing\u00f3). Y precis\u00f3 que, para ello, la provincia adquiri\u00f3 directamente de laboratorio 200.000 dosis. Estas se suman a las que tambi\u00e9n compr\u00f3 por su cuenta el IOSCOR, que se hace cargo del 50% del valor de la vacuna para sus afiliados y tienen obra social.<\/p>\n\n\n\n<p>&nbsp;\u201cComo Gobierno de Corrientes tomamos la decisi\u00f3n de proteger a la poblaci\u00f3n. En este caso la vacuna no es obligatoria, es optativa\u201d, puntualiz\u00f3 Vald\u00e9s, dejando en claro que en esta primera etapa la vacunaci\u00f3n se va a realizar en las zonas del norte de la Provincia, en donde existe mayor incidencia, para luego \u201cabarcar otras ciudades y otras franjas etarias\u201d.<\/p>\n\n\n\n<p>\u201cLa \u00fanica manera de combatir al dengue es atacando al vector y por ello apelamos al trabajo con los municipios de toda la provincia sobre la importancia de la fumigaci\u00f3n y el descacharrado\u201d, agreg\u00f3 a sus palabras el gobernador y puso de relieve que esta campa\u00f1a es posible gracias a una fuerte inversi\u00f3n en materia de salud p\u00fablica, \u201cinvirtiendo los recursos que son de todos los correntinos\u201d.<\/p>\n\n\n\n<p>Luego, Vald\u00e9s coment\u00f3 que, si bien con la llegada del frio los casos de dengue van a descender, pidi\u00f3 \u201cestar preparados para la siguiente temporada estival\u201d e insisti\u00f3 en la necesidad de trabajar muy fuerte en la labor de prevenci\u00f3n.<\/p>\n\n\n\n<p>Para finalizar, agradeci\u00f3 el trabajo del Ministerio de Salud P\u00fablica y de todo el personal sanitario que con la vacunaci\u00f3n \u201cproteger\u00e1 la vida de los correntinos\u201d.<\/p>\n\n\n\n<p><strong>Directora de Epidemiolog\u00eda<\/strong><\/p>\n\n\n\n<p>Al tomar la palabra, Angelina Bobadilla detall\u00f3 la situaci\u00f3n epidemiol\u00f3gica de la provincia, en relaci\u00f3n a esta enfermedad.<\/p>\n\n\n\n<p>En este marco, inform\u00f3 que Corrientes cuenta con 6949 casos confirmados de dengue, posicion\u00e1ndose en cuarto lugar dentro de la Regi\u00f3n NEA, que registra 55.643 casos.<\/p>\n\n\n\n<p>La provincia se encuentra en cuarto lugar en esta regi\u00f3n, detr\u00e1s de Chaco, Formosa y Misiones, en n\u00fameros de afectados.<\/p>\n\n\n\n<p>En otro orden de temas, la directora provincial de Epidemiolog\u00eda dio cuenta que el brote provincial se encuentra concentrado en los departamentos de Santo Tom\u00e9, Monte Caseros, Mercedes y Curuz\u00fa Cuati\u00e1; en tanto, Capital se encuentra en un descenso sostenido.<\/p>\n\n\n\n<p>Adem\u00e1s, Bobadilla comunic\u00f3 que dentro de la provincia circulan los serotipos DEN 1 y DEN 2; este \u00faltimo, con mayor gravedad y en un 58%, con el riesgo de que ingrese por las fronteras el DEN 3.<\/p>\n\n\n\n<p>Continuando, la titular de Epidemiolog\u00eda, remarc\u00f3 que dentro del Plan Provincial de Lucha contra el Dengue se llevan adelante redes de vigilancia intensificada, de atenci\u00f3n cl\u00ednica, de vigilancia de laboratorio, control vectorial y focal. Adem\u00e1s, se producen repelentes por medio del PLAMECOR, entre m\u00faltiples actividades interministeriales para hacer frente a este brote.<\/p>\n\n\n\n<p><strong>Ministro de Salud<\/strong><\/p>\n\n\n\n<p>El ministro de Salud P\u00fablica, a modo de interrogaci\u00f3n, se pregunt\u00f3 \u201c\u00bfpor qu\u00e9 la vacuna?\u201d y respondi\u00f3 citando a la explicaci\u00f3n previa que brind\u00f3 la directora Angelina Bobadilla acerca del escenario sobre la situaci\u00f3n epidemiol\u00f3gica de Argentina y de Corrientes, respecto al Dengue. Asimismo, Cardozo expuso que \u201ces consecuencia del cambio clim\u00e1tico: la tropicalizaci\u00f3n de nuestro clima, de nuestra zona, inclusive esto hizo que de a poco llegara a otros lugares del pa\u00eds, ya que hoy la zona centro de Argentina es la que m\u00e1s casos est\u00e1 aportando al volumen general\u201d.<\/p>\n\n\n\n<p>Otra de los factores \u201ces la ubicaci\u00f3n estrat\u00e9gica que tiene Corrientes, ya que limitamos con Brasil y Paraguay, pa\u00edses end\u00e9micos de hace mucho tiempo, el primero con 3 millones de casos, y el segundo con 170 mil, 22 veces m\u00e1s casos que el a\u00f1o pasado\u201d, agreg\u00f3. A lo que sum\u00f3 tambi\u00e9n \u201cel tr\u00e1nsito de personas, por distintas razones: econ\u00f3micas, familiares, tur\u00edsticas, entre estos pa\u00edses\u201d.<\/p>\n\n\n\n<p>Se\u00f1al\u00f3 adem\u00e1s que \u201cel desorden ambiental es otro factor muy importante, el cual es dif\u00edcil de erradicar\u201d, a lo que remarc\u00f3 que es algo que \u201cno se da solamente en los barrios perif\u00e9ricos, sino tambi\u00e9n en el centro de las ciudades\u201d. Y advirti\u00f3 as\u00ed que \u201cmientras tengamos elementos que mantengan agua estancada en nuestros hogares, vamos a seguir teniendo el mosquito\u201d.<\/p>\n\n\n\n<p>Por \u00faltimo, el ministro Cardozo dijo que \u201cotra cosa que agrava la situaci\u00f3n, es el hecho de haber tenido brotes previos, que hacen que tengamos un n\u00famero importante de personas que puedan repetir el Dengue y presentarse con situaciones cl\u00ednicas m\u00e1s graves\u201d.<\/p>\n\n\n\n<p>En ese marco, cont\u00f3 que desde el Ministerio de Salud se viene trabajando hace bastante tiempo para mejorar la situaci\u00f3n, en \u201cla identificaci\u00f3n precoz, individualizaci\u00f3n y aislamiento del caso testigo; el tratamiento de foco; uso de repelente, el cual llevamos fabricados desde enero con PLAMECOR (Planta de Medicamentos de Corrientes) 40 mil frascos\u201d, anunciando que se fabricar\u00e1n 40 mil m\u00e1s a partir de ahora para ser distribuidos, entre otras acciones.<\/p>\n\n\n\n<p><strong>Directora de Inmunizaciones<\/strong><\/p>\n\n\n\n<p>La directora de Inmunizaciones, Marina Cantero dio cuenta que la vacuna tetravalente presentada est\u00e1 indicada en personas a partir de los 4 a\u00f1os, y su principal mecanismo de acci\u00f3n es replicarse localmente y provocar anticuerpos neutralizantes para conferir protecci\u00f3n contra la enfermedad del dengue causada por cualquiera de los cuatro serotipos.<\/p>\n\n\n\n<p>Cantero cont\u00f3 que, en la misma, se observ\u00f3 un inicio r\u00e1pido de la protecci\u00f3n con una eficacia de la vacuna de 81,1 % contra la fiebre por dengue por todos los serotipos.<\/p>\n\n\n\n<p>Su eficacia en la prevenci\u00f3n de la fiebre hemorr\u00e1gica del dengue causada por cualquier serotipo fue de 70.0 % y en la prevenci\u00f3n de los casos cl\u00ednicamente graves de dengue confirmado virol\u00f3gicamente causados por cualquier serotipo fue de 70,2 %.<\/p>\n\n\n\n<p>Cabe remarcar que la vacuna ha demostrado ser eficaz para prevenir infecciones confirmadas, formas graves y hospitalizaciones en pa\u00edses end\u00e9micos y no end\u00e9micos.<\/p>\n\n\n\n<p>En otro orden de temas, la funcionaria sostuvo que es importante remarcar que el proceso de implementaci\u00f3n de la vacunaci\u00f3n es parte de una estrategia integrada de Salud P\u00fablica, sosteniendo las acciones de prevenci\u00f3n y control vectorial.<\/p>\n\n\n\n<p><strong>Presencias<\/strong><\/p>\n\n\n\n<p>Acompa\u00f1aron en el acto al gobernador Vald\u00e9s, ministros, secretarios y subsecretarios del gabinete provincial, el intendente de la ciudad de Corrientes, Eduardo Tassano, el viceintendente, Emilio Lanari, legisladores nacionales y provinciales y directores de la cartera de Salud P\u00fablica.<\/p>\n\n\n\n<figure class=\"wp-block-image size-large\"><img loading=\"lazy\" decoding=\"async\" width=\"1024\" height=\"684\" src=\"https:\/\/corrientesdetarde.com\/wp-content\/uploads\/2024\/04\/image-112-1024x684.png\" alt=\"\" class=\"wp-image-138607\" srcset=\"https:\/\/corrientesdetarde.com\/wp-content\/uploads\/2024\/04\/image-112-1024x684.png 1024w, https:\/\/corrientesdetarde.com\/wp-content\/uploads\/2024\/04\/image-112-300x200.png 300w, https:\/\/corrientesdetarde.com\/wp-content\/uploads\/2024\/04\/image-112-768x513.png 768w, https:\/\/corrientesdetarde.com\/wp-content\/uploads\/2024\/04\/image-112.png 1081w\" sizes=\"auto, (max-width: 1024px) 100vw, 1024px\" \/><\/figure>\n\n\n\n<figure class=\"wp-block-image size-large\"><img loading=\"lazy\" decoding=\"async\" width=\"1024\" height=\"682\" src=\"https:\/\/corrientesdetarde.com\/wp-content\/uploads\/2024\/04\/image-113-1024x682.png\" alt=\"\" class=\"wp-image-138608\" srcset=\"https:\/\/corrientesdetarde.com\/wp-content\/uploads\/2024\/04\/image-113-1024x682.png 1024w, https:\/\/corrientesdetarde.com\/wp-content\/uploads\/2024\/04\/image-113-300x200.png 300w, https:\/\/corrientesdetarde.com\/wp-content\/uploads\/2024\/04\/image-113-768x512.png 768w, https:\/\/corrientesdetarde.com\/wp-content\/uploads\/2024\/04\/image-113-1536x1023.png 1536w, https:\/\/corrientesdetarde.com\/wp-content\/uploads\/2024\/04\/image-113.png 1600w\" sizes=\"auto, (max-width: 1024px) 100vw, 1024px\" \/><\/figure>\n\n\n\n<figure class=\"wp-block-image size-large\"><img loading=\"lazy\" decoding=\"async\" width=\"1024\" height=\"682\" src=\"https:\/\/corrientesdetarde.com\/wp-content\/uploads\/2024\/04\/image-114-1024x682.png\" alt=\"\" class=\"wp-image-138609\" srcset=\"https:\/\/corrientesdetarde.com\/wp-content\/uploads\/2024\/04\/image-114-1024x682.png 1024w, https:\/\/corrientesdetarde.com\/wp-content\/uploads\/2024\/04\/image-114-300x200.png 300w, https:\/\/corrientesdetarde.com\/wp-content\/uploads\/2024\/04\/image-114-768x511.png 768w, https:\/\/corrientesdetarde.com\/wp-content\/uploads\/2024\/04\/image-114-1536x1022.png 1536w, https:\/\/corrientesdetarde.com\/wp-content\/uploads\/2024\/04\/image-114.png 1600w\" sizes=\"auto, (max-width: 1024px) 100vw, 1024px\" \/><\/figure>\n\n\n\n<figure class=\"wp-block-image size-large\"><img loading=\"lazy\" decoding=\"async\" width=\"1024\" height=\"676\" src=\"https:\/\/corrientesdetarde.com\/wp-content\/uploads\/2024\/04\/image-115-1024x676.png\" alt=\"\" class=\"wp-image-138610\" srcset=\"https:\/\/corrientesdetarde.com\/wp-content\/uploads\/2024\/04\/image-115-1024x676.png 1024w, https:\/\/corrientesdetarde.com\/wp-content\/uploads\/2024\/04\/image-115-300x198.png 300w, https:\/\/corrientesdetarde.com\/wp-content\/uploads\/2024\/04\/image-115-768x507.png 768w, https:\/\/corrientesdetarde.com\/wp-content\/uploads\/2024\/04\/image-115-1536x1014.png 1536w, https:\/\/corrientesdetarde.com\/wp-content\/uploads\/2024\/04\/image-115.png 1600w\" sizes=\"auto, (max-width: 1024px) 100vw, 1024px\" \/><\/figure>\n\n\n\n<figure class=\"wp-block-image size-large\"><img loading=\"lazy\" decoding=\"async\" width=\"1024\" height=\"682\" src=\"https:\/\/corrientesdetarde.com\/wp-content\/uploads\/2024\/04\/image-117-1024x682.png\" alt=\"\" class=\"wp-image-138612\" srcset=\"https:\/\/corrientesdetarde.com\/wp-content\/uploads\/2024\/04\/image-117-1024x682.png 1024w, https:\/\/corrientesdetarde.com\/wp-content\/uploads\/2024\/04\/image-117-300x200.png 300w, https:\/\/corrientesdetarde.com\/wp-content\/uploads\/2024\/04\/image-117-768x512.png 768w, https:\/\/corrientesdetarde.com\/wp-content\/uploads\/2024\/04\/image-117-1536x1023.png 1536w, https:\/\/corrientesdetarde.com\/wp-content\/uploads\/2024\/04\/image-117.png 1600w\" sizes=\"auto, (max-width: 1024px) 100vw, 1024px\" \/><\/figure>\n\n\n\n<figure class=\"wp-block-image size-full\"><img loading=\"lazy\" decoding=\"async\" width=\"1000\" height=\"1000\" src=\"https:\/\/corrientesdetarde.com\/wp-content\/uploads\/2024\/04\/image-118.png\" alt=\"\" class=\"wp-image-138613\" srcset=\"https:\/\/corrientesdetarde.com\/wp-content\/uploads\/2024\/04\/image-118.png 1000w, https:\/\/corrientesdetarde.com\/wp-content\/uploads\/2024\/04\/image-118-300x300.png 300w, https:\/\/corrientesdetarde.com\/wp-content\/uploads\/2024\/04\/image-118-150x150.png 150w, https:\/\/corrientesdetarde.com\/wp-content\/uploads\/2024\/04\/image-118-768x768.png 768w\" sizes=\"auto, (max-width: 1000px) 100vw, 1000px\" \/><\/figure>\n","protected":false},"excerpt":{"rendered":"<p>El gobernador Gustavo Vald\u00e9s present\u00f3 este lunes la Campa\u00f1a Provincial de Vacunaci\u00f3n contra el Dengue, en un contexto donde la enfermedad viene acrecentando sus casos en todo el pa\u00eds. La&hellip; <\/p>\n","protected":false},"author":8,"featured_media":138611,"comment_status":"closed","ping_status":"open","sticky":false,"template":"","format":"standard","meta":{"footnotes":""},"categories":[8],"tags":[],"class_list":["post-138606","post","type-post","status-publish","format-standard","has-post-thumbnail","hentry","category-locales"],"_links":{"self":[{"href":"https:\/\/corrientesdetarde.com\/index.php\/wp-json\/wp\/v2\/posts\/138606","targetHints":{"allow":["GET"]}}],"collection":[{"href":"https:\/\/corrientesdetarde.com\/index.php\/wp-json\/wp\/v2\/posts"}],"about":[{"href":"https:\/\/corrientesdetarde.com\/index.php\/wp-json\/wp\/v2\/types\/post"}],"author":[{"embeddable":true,"href":"https:\/\/corrientesdetarde.com\/index.php\/wp-json\/wp\/v2\/users\/8"}],"replies":[{"embeddable":true,"href":"https:\/\/corrientesdetarde.com\/index.php\/wp-json\/wp\/v2\/comments?post=138606"}],"version-history":[{"count":1,"href":"https:\/\/corrientesdetarde.com\/index.php\/wp-json\/wp\/v2\/posts\/138606\/revisions"}],"predecessor-version":[{"id":138614,"href":"https:\/\/corrientesdetarde.com\/index.php\/wp-json\/wp\/v2\/posts\/138606\/revisions\/138614"}],"wp:featuredmedia":[{"embeddable":true,"href":"https:\/\/corrientesdetarde.com\/index.php\/wp-json\/wp\/v2\/media\/138611"}],"wp:attachment":[{"href":"https:\/\/corrientesdetarde.com\/index.php\/wp-json\/wp\/v2\/media?parent=138606"}],"wp:term":[{"taxonomy":"category","embeddable":true,"href":"https:\/\/corrientesdetarde.com\/index.php\/wp-json\/wp\/v2\/categories?post=138606"},{"taxonomy":"post_tag","embeddable":true,"href":"https:\/\/corrientesdetarde.com\/index.php\/wp-json\/wp\/v2\/tags?post=138606"}],"curies":[{"name":"wp","href":"https:\/\/api.w.org\/{rel}","templated":true}]}}