{"id":138615,"date":"2024-04-08T13:25:35","date_gmt":"2024-04-08T16:25:35","guid":{"rendered":"https:\/\/corrientesdetarde.com\/?p=138615"},"modified":"2024-04-08T13:25:47","modified_gmt":"2024-04-08T16:25:47","slug":"el-cortometraje-de-cineastas-correntinas-el-ojo-del-monstruo-llega-al-bafici","status":"publish","type":"post","link":"https:\/\/corrientesdetarde.com\/index.php\/cultura\/el-cortometraje-de-cineastas-correntinas-el-ojo-del-monstruo-llega-al-bafici\/","title":{"rendered":"El cortometraje de cineastas correntinas\u00a0\u201cEl ojo del monstruo\u201d llega al BAFICI"},"content":{"rendered":"\n<p>El Instituto de Cultura de Corrientes comunica que el cortometraje \u201cEl ojo del monstruo\u201d, con equipo liderado por cineastas correntinas, formar\u00e1 parte del prestigioso Festival Internacional de Cine Independiente de Buenos Aires (BAFICI). La obra que surgi\u00f3 como parte de una tesis final en la carrera de Realizaci\u00f3n Cinematogr\u00e1fica de la ENERC sede NEA, promete dejar una marca indeleble en la pantalla grande, compitiendo por primera vez en la Secci\u00f3n Nacional.<\/p>\n\n\n\n<p>Escrito y dirigido por Mar\u00eda Luj\u00e1n Asc\u00fae, y producido por Ayel\u00e9n Loebarth, ambas talentosas cineastas correntinas, &#8220;El ojo del monstruo&#8221; es el resultado de un arduo trabajo en equipo que comenz\u00f3 como una idea propuesta en 2023 y culmin\u00f3 con su realizaci\u00f3n en octubre durante 5 jornadas de rodaje, terminando de post producirse en diciembre de ese mismo a\u00f1o.<\/p>\n\n\n\n<p>El cortometraje, con una duraci\u00f3n de 14 minutos con 40 segundos, presenta una narrativa dram\u00e1tica al espectador desde el primer momento: Tonia, una joven mochilera, regresa a su ciudad natal en compa\u00f1\u00eda de su perro Ramoncito, debe afrontar su miedo y tomar una decisi\u00f3n.<\/p>\n\n\n\n<p>Lo que hace que &#8220;El ojo del monstruo&#8221; sea a\u00fan m\u00e1s destacable es el esfuerzo y dedicaci\u00f3n detr\u00e1s de escena. El equipo de trabajo, conformado por tesistas de toda la regi\u00f3n NEA, incluy\u00f3 a estudiantes de Entre R\u00edos, Formosa, Chaco, Corrientes y Paraguay y se enfrent\u00f3 a numerosos desaf\u00edos log\u00edsticos y t\u00e9cnicos durante el proceso de producci\u00f3n. Entre ellos se encuentran Franco Daniel Martin (Jefe de Producci\u00f3n), Facundo Jose Freijo (Asistente de Producci\u00f3n), Agostina Micaela Caballero (Asistente de Direcci\u00f3n), Thomas Ignacio Chazarreta (Continuista y Montajista), Omar Pascual Gimenez (Sonidista), Iv\u00e1n Alejandro Kusevitzky (Fotograf\u00eda), Gabriel Edgardo Garc\u00eda Puppo (Foquista), Camila Belen Arroyo (Backstage), Kamila Beatriz Lird Denis (Arte), Cristian Ariel Lautaro Van Bredam (Gaffer), Daiana Alejandra Benitez (Vestuarista), Christian Castellini (C\u00e1mara) y Maximiliano Ramos Roa (Micr\u00f3fono). Cada uno de ellos aport\u00f3 su creatividad, habilidades y dedicaci\u00f3n para hacer realidad esta obra.<\/p>\n\n\n\n<p>Desde la elaboraci\u00f3n del gui\u00f3n hasta la selecci\u00f3n de locaciones y la coordinaci\u00f3n de equipos humanos y t\u00e9cnicos, cada etapa del proceso fue llevada a cabo con meticulosidad y pasi\u00f3n. Se realizaron m\u00faltiples traslados, cortes de calle, instalaciones de base, manejo de veh\u00edculos de acci\u00f3n, la participaci\u00f3n de un ni\u00f1o (Mateo Sotelo) y hasta un compa\u00f1ero perruno (Ramoncito), para filmar y llevar adelante toda esa log\u00edstica en 11 espacios p\u00fablicos y privados de la ciudad de Formosa.<\/p>\n\n\n\n<p>M\u00e1s de 150 personas est\u00e1n involucradas en la realizaci\u00f3n de &#8220;El ojo del monstruo&#8221;, desde los estudiantes, fletes, traslados, catering, instructores, actrices y actores, m\u00fasicos, asistentes y numerosos colaboradores que contribuyeron en cada aspecto de esta gran producci\u00f3n.<\/p>\n\n\n\n<p>&#8220;El ojo del monstruo&#8221; no solo se erige como un hito cinematogr\u00e1fico, sino como un v\u00edvido testimonio del alma del Litoral argentino. Este logro no solo atestigua el talento y la dedicaci\u00f3n de j\u00f3venes cineastas de Corrientes, sino que tambi\u00e9n ilustra la identidad regional. \u201cEsta participaci\u00f3n en el BAFICI no s\u00f3lo marca un momento importante en el cine, sino que tambi\u00e9n proyecta una luz singular sobre la riqueza de nuestras historias locales, nuestra manera de hablar y los paisajes que nos identifican\u201d, aseguraron los protagonistas de esta producci\u00f3n.<\/p>\n\n\n\n<p>El BAFICI se llevar\u00e1 a cabo del 24 de abril al 5 de mayo de 2024 en la ciudad de Buenos Aires, donde &#8220;El ojo del monstruo&#8221; ser\u00e1 proyectado junto con otras destacadas obras del cine independiente nacional e internacional en las siguientes fechas: mi\u00e9rcoles 24 a las 21:30 horas en Lugones, viernes 26 a las 22 horas y domingo 28 a las 13:10 horas en Cine Arte Cacodelphia 3.<\/p>\n\n\n\n<figure class=\"wp-block-image size-large\"><img loading=\"lazy\" decoding=\"async\" width=\"1024\" height=\"683\" src=\"https:\/\/corrientesdetarde.com\/wp-content\/uploads\/2024\/04\/image-122-1024x683.png\" alt=\"\" class=\"wp-image-138619\" srcset=\"https:\/\/corrientesdetarde.com\/wp-content\/uploads\/2024\/04\/image-122-1024x683.png 1024w, https:\/\/corrientesdetarde.com\/wp-content\/uploads\/2024\/04\/image-122-300x200.png 300w, https:\/\/corrientesdetarde.com\/wp-content\/uploads\/2024\/04\/image-122-768x512.png 768w, https:\/\/corrientesdetarde.com\/wp-content\/uploads\/2024\/04\/image-122-1536x1024.png 1536w, https:\/\/corrientesdetarde.com\/wp-content\/uploads\/2024\/04\/image-122.png 2048w\" sizes=\"auto, (max-width: 1024px) 100vw, 1024px\" \/><\/figure>\n","protected":false},"excerpt":{"rendered":"<p>El Instituto de Cultura de Corrientes comunica que el cortometraje \u201cEl ojo del monstruo\u201d, con equipo liderado por cineastas correntinas, formar\u00e1 parte del prestigioso Festival Internacional de Cine Independiente de&hellip; <\/p>\n","protected":false},"author":8,"featured_media":138618,"comment_status":"closed","ping_status":"open","sticky":false,"template":"","format":"standard","meta":{"footnotes":""},"categories":[15],"tags":[],"class_list":["post-138615","post","type-post","status-publish","format-standard","has-post-thumbnail","hentry","category-cultura"],"_links":{"self":[{"href":"https:\/\/corrientesdetarde.com\/index.php\/wp-json\/wp\/v2\/posts\/138615","targetHints":{"allow":["GET"]}}],"collection":[{"href":"https:\/\/corrientesdetarde.com\/index.php\/wp-json\/wp\/v2\/posts"}],"about":[{"href":"https:\/\/corrientesdetarde.com\/index.php\/wp-json\/wp\/v2\/types\/post"}],"author":[{"embeddable":true,"href":"https:\/\/corrientesdetarde.com\/index.php\/wp-json\/wp\/v2\/users\/8"}],"replies":[{"embeddable":true,"href":"https:\/\/corrientesdetarde.com\/index.php\/wp-json\/wp\/v2\/comments?post=138615"}],"version-history":[{"count":1,"href":"https:\/\/corrientesdetarde.com\/index.php\/wp-json\/wp\/v2\/posts\/138615\/revisions"}],"predecessor-version":[{"id":138620,"href":"https:\/\/corrientesdetarde.com\/index.php\/wp-json\/wp\/v2\/posts\/138615\/revisions\/138620"}],"wp:featuredmedia":[{"embeddable":true,"href":"https:\/\/corrientesdetarde.com\/index.php\/wp-json\/wp\/v2\/media\/138618"}],"wp:attachment":[{"href":"https:\/\/corrientesdetarde.com\/index.php\/wp-json\/wp\/v2\/media?parent=138615"}],"wp:term":[{"taxonomy":"category","embeddable":true,"href":"https:\/\/corrientesdetarde.com\/index.php\/wp-json\/wp\/v2\/categories?post=138615"},{"taxonomy":"post_tag","embeddable":true,"href":"https:\/\/corrientesdetarde.com\/index.php\/wp-json\/wp\/v2\/tags?post=138615"}],"curies":[{"name":"wp","href":"https:\/\/api.w.org\/{rel}","templated":true}]}}