{"id":138621,"date":"2024-04-08T13:28:04","date_gmt":"2024-04-08T16:28:04","guid":{"rendered":"https:\/\/corrientesdetarde.com\/?p=138621"},"modified":"2024-04-08T13:28:16","modified_gmt":"2024-04-08T16:28:16","slug":"este-miercoles-10-comienza-el-pago-de-plus-a-municipales","status":"publish","type":"post","link":"https:\/\/corrientesdetarde.com\/index.php\/economia\/este-miercoles-10-comienza-el-pago-de-plus-a-municipales\/","title":{"rendered":"Este mi\u00e9rcoles 10 comienza el pago de plus a municipales"},"content":{"rendered":"\n<p>Este mi\u00e9rcoles 10 comienza el pago de plus a municipalesEl cronograma de este plus ordinario de abril se extender\u00e1 hasta el viernes, seg\u00fan anunci\u00f3 el intendente Eduardo Tassano a trav\u00e9s de sus redes.<\/p>\n\n\n\n<p>Los trabajadores de planta, contrato y los agentes Neike bancarizados tendr\u00e1n depositado el pago del plus en sus respectivas cuentas bancarias el mismo mi\u00e9rcoles 10, dinero al que podr\u00e1n acceder a trav\u00e9s de los cajeros autom\u00e1ticos habilitados.<br>Por su parte, aquellos trabajadores Neike que no est\u00e1n bancarizados deber\u00e1n dirigirse a la Caja Municipal de Pr\u00e9stamos (CMP), en su sede central, ubicada en Brasil 1269. Los pagos se realizan de lunes a viernes, de 7:30 a 12:30 y de 16 a 20:30.<br>En este caso, el mi\u00e9rcoles 10 les corresponder\u00e1 cobrar a los trabajadores cuyos DNI terminen en 0, 1 y 2; el jueves 11, a los agentes con DNI finalizados en 3, 4, 5 y 6; y el viernes 12, a los que tengan documentos que finalicen en 7, 8 y 9.<\/p>\n\n\n\n<figure class=\"wp-block-image size-large\"><img loading=\"lazy\" decoding=\"async\" width=\"1024\" height=\"1024\" src=\"https:\/\/corrientesdetarde.com\/wp-content\/uploads\/2024\/04\/image-123-1024x1024.png\" alt=\"\" class=\"wp-image-138623\" srcset=\"https:\/\/corrientesdetarde.com\/wp-content\/uploads\/2024\/04\/image-123-1024x1024.png 1024w, https:\/\/corrientesdetarde.com\/wp-content\/uploads\/2024\/04\/image-123-300x300.png 300w, https:\/\/corrientesdetarde.com\/wp-content\/uploads\/2024\/04\/image-123-150x150.png 150w, https:\/\/corrientesdetarde.com\/wp-content\/uploads\/2024\/04\/image-123-768x768.png 768w, https:\/\/corrientesdetarde.com\/wp-content\/uploads\/2024\/04\/image-123-1536x1536.png 1536w, https:\/\/corrientesdetarde.com\/wp-content\/uploads\/2024\/04\/image-123.png 1599w\" sizes=\"auto, (max-width: 1024px) 100vw, 1024px\" \/><\/figure>\n","protected":false},"excerpt":{"rendered":"<p>Este mi\u00e9rcoles 10 comienza el pago de plus a municipalesEl cronograma de este plus ordinario de abril se extender\u00e1 hasta el viernes, seg\u00fan anunci\u00f3 el intendente Eduardo Tassano a trav\u00e9s&hellip; <\/p>\n","protected":false},"author":8,"featured_media":138622,"comment_status":"closed","ping_status":"open","sticky":false,"template":"","format":"standard","meta":{"footnotes":""},"categories":[26,20],"tags":[],"class_list":["post-138621","post","type-post","status-publish","format-standard","has-post-thumbnail","hentry","category-destacados","category-economia"],"_links":{"self":[{"href":"https:\/\/corrientesdetarde.com\/index.php\/wp-json\/wp\/v2\/posts\/138621","targetHints":{"allow":["GET"]}}],"collection":[{"href":"https:\/\/corrientesdetarde.com\/index.php\/wp-json\/wp\/v2\/posts"}],"about":[{"href":"https:\/\/corrientesdetarde.com\/index.php\/wp-json\/wp\/v2\/types\/post"}],"author":[{"embeddable":true,"href":"https:\/\/corrientesdetarde.com\/index.php\/wp-json\/wp\/v2\/users\/8"}],"replies":[{"embeddable":true,"href":"https:\/\/corrientesdetarde.com\/index.php\/wp-json\/wp\/v2\/comments?post=138621"}],"version-history":[{"count":1,"href":"https:\/\/corrientesdetarde.com\/index.php\/wp-json\/wp\/v2\/posts\/138621\/revisions"}],"predecessor-version":[{"id":138624,"href":"https:\/\/corrientesdetarde.com\/index.php\/wp-json\/wp\/v2\/posts\/138621\/revisions\/138624"}],"wp:featuredmedia":[{"embeddable":true,"href":"https:\/\/corrientesdetarde.com\/index.php\/wp-json\/wp\/v2\/media\/138622"}],"wp:attachment":[{"href":"https:\/\/corrientesdetarde.com\/index.php\/wp-json\/wp\/v2\/media?parent=138621"}],"wp:term":[{"taxonomy":"category","embeddable":true,"href":"https:\/\/corrientesdetarde.com\/index.php\/wp-json\/wp\/v2\/categories?post=138621"},{"taxonomy":"post_tag","embeddable":true,"href":"https:\/\/corrientesdetarde.com\/index.php\/wp-json\/wp\/v2\/tags?post=138621"}],"curies":[{"name":"wp","href":"https:\/\/api.w.org\/{rel}","templated":true}]}}