{"id":138628,"date":"2024-04-08T13:35:05","date_gmt":"2024-04-08T16:35:05","guid":{"rendered":"https:\/\/corrientesdetarde.com\/?p=138628"},"modified":"2024-04-08T13:35:09","modified_gmt":"2024-04-08T16:35:09","slug":"el-gobierno-anuncio-que-el-segundo-tramo-de-las-jubilaciones-de-abril-se-pagara-a-partir-del-miercoles-17","status":"publish","type":"post","link":"https:\/\/corrientesdetarde.com\/index.php\/economia\/el-gobierno-anuncio-que-el-segundo-tramo-de-las-jubilaciones-de-abril-se-pagara-a-partir-del-miercoles-17\/","title":{"rendered":"El Gobierno anunci\u00f3 que el segundo tramo de las jubilaciones de abril se pagar\u00e1 a partir del mi\u00e9rcoles 17"},"content":{"rendered":"\n<p>En medio de la transici\u00f3n de una f\u00f3rmula a la otra, los beneficiarios recibir\u00e1n a partir de ese d\u00eda el aumento del 12,5% que fue otorgado para \u201ccompensar parcialmente\u201d las p\u00e9rdidas por la inflaci\u00f3n. El primer tramo se cobrar\u00e1 desde ma\u00f1ana, martes 9.<\/p>\n\n\n\n<p>El Gobierno anunci\u00f3 que el\u00a0segundo tramo de las jubilaciones \u00a0se pagar\u00e1 a partir del\u00a0<strong>17 de abril.<\/strong>\u00a0En medio de la\u00a0<strong>transici\u00f3n\u00a0<\/strong>de una f\u00f3rmula a la otra, los beneficiarios recibir\u00e1n a partir de ese d\u00eda el aumento del 12,5% que fue otorgado para<strong>\u00a0\u201ccompensar parcialmente\u201d\u00a0<\/strong>las p\u00e9rdidas por la inflaci\u00f3n. El primer tramo se cobrar\u00e1 desde ma\u00f1ana, martes 9.<\/p>\n\n\n\n<p>A fines del mes pasado el Gobierno oficializ\u00f3 la nueva f\u00f3rmula de movilidad para las jubilaciones y pensiones y explic\u00f3: \u201cEsta reciente modificaci\u00f3n de la movilidad y sus consecuentes adelantos generar\u00e1 un\u00a0<strong>desdoblamiento\u00a0<\/strong>del pago prestacional, a fin de no demorar el acceso de los beneficiarios a sus haberes\u201d, a trav\u00e9s del decreto 274 publicado en el Bolet\u00edn Oficial.<\/p>\n\n\n\n<p>ANSES inform\u00f3 que a partir del 17 de abril empieza el pago de la movilidad para aquellas jubilaciones y pensiones que hayan cobrado sus haberes correspondientes a abril antes del mi\u00e9rcoles 17. Aquellos jubilados y pensionados que tienen fecha de cobro del haber a partir del 17 de abril cobrar\u00e1n todo junto con el calendario habitual. Las<strong>&nbsp;jubilaciones m\u00ednimas&nbsp;<\/strong>sumar\u00e1n, adem\u00e1s, el bono de&nbsp;<strong>$70 mil,&nbsp;<\/strong>inform\u00f3<strong>&nbsp;ANSES a trav\u00e9s de un comunicado.<\/strong><\/p>\n\n\n\n<p>El calendario complementario se aplica en el proceso de transici\u00f3n de la f\u00f3rmula jubilatoria vigente a la nueva f\u00f3rmula oficializada por el Gobierno, que entrar\u00e1 en vigencia en el mes de&nbsp;<strong>julio,<\/strong>&nbsp;y que actualizar\u00e1 las jubilaciones mensualmente tomando como base el<strong>&nbsp;\u00cdndice de Precios al Consumidor (IPC).<\/strong><\/p>\n\n\n\n<p>En abril los jubilados y pensionados recibir\u00e1n un aumento extraordinario de 12,5% para compensar parcialmente las p\u00e9rdidas ocasionadas por el proceso inflacionario del \u00faltimo a\u00f1o. Adem\u00e1s se adicionar\u00e1 el 13,24% correspondiente al IPC de febrero a cuenta de la movilidad a pagar en junio de 2024.<\/p>\n\n\n\n<p>De esta manera la jubilaci\u00f3n m\u00ednima de abril ser\u00e1 de&nbsp;<strong>$171.283,31.<\/strong>&nbsp;A ese monto se le adicionar\u00e1 el pago de un bono de&nbsp;<strong>$70 mil.<\/strong>&nbsp;En consecuencia, la jubilaci\u00f3n m\u00ednima en el mes de abril alcanzar\u00e1 un total de&nbsp;<strong>$241.283,31.<\/strong><\/p>\n\n\n\n<h2 class=\"wp-block-heading\">El calendario complementario de cobros de pensiones no contributivas, jubilaciones y pensiones<\/h2>\n\n\n\n<p><strong>Pensiones No Contributivas:<\/strong><\/p>\n\n\n\n<ul class=\"wp-block-list\">\n<li>Documentos terminados en 0 y 1: 17 de abril.<\/li>\n\n\n\n<li>Documentos terminados en 2 y 3: 18 de abril.<\/li>\n\n\n\n<li>Documentos terminados en 4 y 5: 19 de abril.<\/li>\n\n\n\n<li>Documentos terminados en 6 y 7: 22 de abril.<\/li>\n\n\n\n<li>Documentos terminados en 8 y 9: 23 de abril.<\/li>\n<\/ul>\n\n\n\n<p><strong>Jubilaciones y pensiones:<\/strong><\/p>\n\n\n\n<ul class=\"wp-block-list\">\n<li>Documentos terminados en 0: 17 de abril.<\/li>\n\n\n\n<li>Documentos terminados en 1: 18 de abril.<\/li>\n\n\n\n<li>Documentos terminados en 2: 19 de abril.<\/li>\n\n\n\n<li>Documentos terminados en 3: 22 de abril.<\/li>\n\n\n\n<li>Documentos terminados en 4: 23 de abril.<\/li>\n<\/ul>\n","protected":false},"excerpt":{"rendered":"<p>En medio de la transici\u00f3n de una f\u00f3rmula a la otra, los beneficiarios recibir\u00e1n a partir de ese d\u00eda el aumento del 12,5% que fue otorgado para \u201ccompensar parcialmente\u201d las&hellip; <\/p>\n","protected":false},"author":8,"featured_media":138629,"comment_status":"closed","ping_status":"open","sticky":false,"template":"","format":"standard","meta":{"footnotes":""},"categories":[20],"tags":[],"class_list":["post-138628","post","type-post","status-publish","format-standard","has-post-thumbnail","hentry","category-economia"],"_links":{"self":[{"href":"https:\/\/corrientesdetarde.com\/index.php\/wp-json\/wp\/v2\/posts\/138628","targetHints":{"allow":["GET"]}}],"collection":[{"href":"https:\/\/corrientesdetarde.com\/index.php\/wp-json\/wp\/v2\/posts"}],"about":[{"href":"https:\/\/corrientesdetarde.com\/index.php\/wp-json\/wp\/v2\/types\/post"}],"author":[{"embeddable":true,"href":"https:\/\/corrientesdetarde.com\/index.php\/wp-json\/wp\/v2\/users\/8"}],"replies":[{"embeddable":true,"href":"https:\/\/corrientesdetarde.com\/index.php\/wp-json\/wp\/v2\/comments?post=138628"}],"version-history":[{"count":1,"href":"https:\/\/corrientesdetarde.com\/index.php\/wp-json\/wp\/v2\/posts\/138628\/revisions"}],"predecessor-version":[{"id":138630,"href":"https:\/\/corrientesdetarde.com\/index.php\/wp-json\/wp\/v2\/posts\/138628\/revisions\/138630"}],"wp:featuredmedia":[{"embeddable":true,"href":"https:\/\/corrientesdetarde.com\/index.php\/wp-json\/wp\/v2\/media\/138629"}],"wp:attachment":[{"href":"https:\/\/corrientesdetarde.com\/index.php\/wp-json\/wp\/v2\/media?parent=138628"}],"wp:term":[{"taxonomy":"category","embeddable":true,"href":"https:\/\/corrientesdetarde.com\/index.php\/wp-json\/wp\/v2\/categories?post=138628"},{"taxonomy":"post_tag","embeddable":true,"href":"https:\/\/corrientesdetarde.com\/index.php\/wp-json\/wp\/v2\/tags?post=138628"}],"curies":[{"name":"wp","href":"https:\/\/api.w.org\/{rel}","templated":true}]}}