{"id":138634,"date":"2024-04-08T14:11:35","date_gmt":"2024-04-08T17:11:35","guid":{"rendered":"https:\/\/corrientesdetarde.com\/?p=138634"},"modified":"2024-04-08T14:11:47","modified_gmt":"2024-04-08T17:11:47","slug":"pidieron-6-anos-de-prision-para-lazaro-baez-y-leonardo-farina-por-la-compra-de-un-campo-en-uruguay","status":"publish","type":"post","link":"https:\/\/corrientesdetarde.com\/index.php\/sociales\/pidieron-6-anos-de-prision-para-lazaro-baez-y-leonardo-farina-por-la-compra-de-un-campo-en-uruguay\/","title":{"rendered":"Pidieron 6 a\u00f1os de prisi\u00f3n para L\u00e1zaro B\u00e1ez y Leonardo Fari\u00f1a por la compra de un campo en Uruguay"},"content":{"rendered":"\n<p>La fiscal\u00eda los acus\u00f3 de \u201clavado agravado\u201d. Para el resto de los imputados en el juicio se pidi\u00f3 una condena de entre cuatro y cinco a\u00f1os.<\/p>\n\n\n\n<p>Pidieron<strong>\u00a0seis a\u00f1os de condena\u00a0<\/strong>para L\u00e1zaro Baez y<strong>\u00a0Leonardo Fari\u00f1a\u00a0<\/strong>por\u00a0<strong>lavado agravado<\/strong>\u00a0en la compra de un campo de 152 hect\u00e1reas y un segundo terreno ubicados en una zona exclusiva del barrio Jos\u00e9 Ignacio, en\u00a0<strong>Punta del Este<\/strong>, Uruguay.<\/p>\n\n\n\n<p>La fiscal\u00eda que investiga la compra del campo \u201cEl Entrevero\u201d y otro terreno,&nbsp;<strong>valuados en US$14 millones,<\/strong>&nbsp;pidi\u00f3 una condena de seis a\u00f1os para L\u00e1zaro B\u00e1ez por el delito de<strong>&nbsp;\u201clavado agravado\u201d.&nbsp;<\/strong>El fiscal asegura que B\u00e1ez&nbsp;habr\u00eda gestionado la compra de ese terreno a trav\u00e9s de testaferros y sociedades.<\/p>\n\n\n\n<p>Mientras que en el caso de<strong>&nbsp;Leonardo Fari\u00f1a<\/strong>, el pedido inicial era una condena de cuatro a\u00f1os, pero se decidi\u00f3 unificar con otras pernas que tiene el empresario y se solicit\u00f3 una&nbsp;<strong>condena total de seis a\u00f1os.<\/strong><\/p>\n\n\n\n<p>El&nbsp;<strong>resto de los imputados en la causa est\u00e1n acusados de ser c\u00f3mplices<\/strong>&nbsp;de L\u00e1zaro B\u00e1ez y de Leonardo Fari\u00f1a en la compra de los terrenos. Para ellos, la fiscal\u00eda pidi\u00f3 una condena de entre 4 y 5 a\u00f1os.<\/p>\n\n\n\n<p>La defensa de B\u00e1ez hab\u00eda solicitado en agosto del a\u00f1o pasado la suspensi\u00f3n de la causa por&nbsp;<strong>lavado de activos&nbsp;<\/strong>al considerar que se trataba de un expediente desprendido de la causa conocida como \u201cLa Ruta del dinero K\u201d.<\/p>\n\n\n\n<p>El abogado del empresario explic\u00f3 que<strong>&nbsp;el exfuncionario ya hab\u00eda sido juzgado y condenado por los hechos<\/strong>&nbsp;que son investigados en la causa de los terrenos ubicados en Punta del Este.<\/p>\n\n\n\n<figure class=\"wp-block-image\"><img decoding=\"async\" src=\"https:\/\/tn.com.ar\/resizer\/D0XhSSXE8nf3t0af85VVqB96Xmc=\/767x0\/smart\/filters:format(webp)\/cloudfront-us-east-1.images.arcpublishing.com\/artear\/OYJJ4V4FJZBULNM2PGF5VB2CRI.jpg\" alt=\"L\u00e1zaro B\u00e1ez fue beneficiado con la prisi\u00f3n domiciliaria. (Foto: Noticias Argentinas)\"\/><\/figure>\n\n\n\n<h2 class=\"wp-block-heading\">Los detalles de la causa<\/h2>\n\n\n\n<p>Este nuevo proceso judicial contra&nbsp;<strong>L\u00e1zaro B\u00e1ez<\/strong>&nbsp;y&nbsp;<strong>Leonardo Fari\u00f1a<\/strong>&nbsp;est\u00e1 relacionado con presuntas maniobras de lavado de activos a trav\u00e9s de la compra del campo&nbsp;<strong>\u201cEl Entrevero\u201d,<\/strong>&nbsp;ubicado entre los balnearios de&nbsp;<strong>Jos\u00e9 Ignacio&nbsp;<\/strong>y&nbsp;<strong>La Barra.<\/strong><\/p>\n\n\n\n<p>Seg\u00fan figura en la causa, Fari\u00f1a se contact\u00f3 con la inmobiliaria que estaba a cargo de un sector del campo con el objetivo de desarrollar un emprendimiento inmobiliario. En 2011 se&nbsp;<strong>concret\u00f3 la operaci\u00f3n a trav\u00e9s de la firma Traline S.A,<\/strong>&nbsp;que estaba radicada en Uruguay y era presidida por Maximiliano Acosta, quien luego fue sucedido por Maximiliano Goff D\u00e1vila, dos de los imputados en la causa.<\/p>\n\n\n\n<p>Tiempo despu\u00e9s el campo qued\u00f3 a nombre de otra sociedad denominada Jumey S.A., que era presidida por el contador&nbsp;<strong>Daniel P\u00e9rez Gad\u00edn,&nbsp;<\/strong>el exdue\u00f1o de la financiera&nbsp;<strong>\u201cLa Rosadita\u201d.<\/strong><\/p>\n\n\n\n<p><strong>Acosta, Goff D\u00e1vila y P\u00e9rez Gad\u00edn&nbsp;<\/strong>est\u00e1n imputados en la causa como c\u00f3mplices de B\u00e1ez, al igual que Jorge Oscar Chueco y Osvaldo Ghutux.<\/p>\n\n\n\n<p>El debate previo entre las partes fue llevado por el tribunal compuesto por los jueces&nbsp;<strong>N\u00e9stor Costabel, Mar\u00eda Gabriela L\u00f3pez I\u00f1\u00edguez y Jorge Gorini&nbsp;<\/strong>quienes, en&nbsp;distinta medida, participaron del proceso que conden\u00f3 a B\u00e1ez en el pasado, quien cumple una pena de doce a\u00f1os de prisi\u00f3n.<\/p>\n","protected":false},"excerpt":{"rendered":"<p>La fiscal\u00eda los acus\u00f3 de \u201clavado agravado\u201d. Para el resto de los imputados en el juicio se pidi\u00f3 una condena de entre cuatro y cinco a\u00f1os. Pidieron\u00a0seis a\u00f1os de condena\u00a0para&hellip; <\/p>\n","protected":false},"author":8,"featured_media":138635,"comment_status":"closed","ping_status":"open","sticky":false,"template":"","format":"standard","meta":{"footnotes":""},"categories":[17],"tags":[],"class_list":["post-138634","post","type-post","status-publish","format-standard","has-post-thumbnail","hentry","category-sociales"],"_links":{"self":[{"href":"https:\/\/corrientesdetarde.com\/index.php\/wp-json\/wp\/v2\/posts\/138634","targetHints":{"allow":["GET"]}}],"collection":[{"href":"https:\/\/corrientesdetarde.com\/index.php\/wp-json\/wp\/v2\/posts"}],"about":[{"href":"https:\/\/corrientesdetarde.com\/index.php\/wp-json\/wp\/v2\/types\/post"}],"author":[{"embeddable":true,"href":"https:\/\/corrientesdetarde.com\/index.php\/wp-json\/wp\/v2\/users\/8"}],"replies":[{"embeddable":true,"href":"https:\/\/corrientesdetarde.com\/index.php\/wp-json\/wp\/v2\/comments?post=138634"}],"version-history":[{"count":1,"href":"https:\/\/corrientesdetarde.com\/index.php\/wp-json\/wp\/v2\/posts\/138634\/revisions"}],"predecessor-version":[{"id":138636,"href":"https:\/\/corrientesdetarde.com\/index.php\/wp-json\/wp\/v2\/posts\/138634\/revisions\/138636"}],"wp:featuredmedia":[{"embeddable":true,"href":"https:\/\/corrientesdetarde.com\/index.php\/wp-json\/wp\/v2\/media\/138635"}],"wp:attachment":[{"href":"https:\/\/corrientesdetarde.com\/index.php\/wp-json\/wp\/v2\/media?parent=138634"}],"wp:term":[{"taxonomy":"category","embeddable":true,"href":"https:\/\/corrientesdetarde.com\/index.php\/wp-json\/wp\/v2\/categories?post=138634"},{"taxonomy":"post_tag","embeddable":true,"href":"https:\/\/corrientesdetarde.com\/index.php\/wp-json\/wp\/v2\/tags?post=138634"}],"curies":[{"name":"wp","href":"https:\/\/api.w.org\/{rel}","templated":true}]}}