{"id":138637,"date":"2024-04-08T14:19:26","date_gmt":"2024-04-08T17:19:26","guid":{"rendered":"https:\/\/corrientesdetarde.com\/?p=138637"},"modified":"2024-04-08T14:19:37","modified_gmt":"2024-04-08T17:19:37","slug":"la-casa-rosada-tomo-distancia-de-benegas-lynch-por-rechazar-la-educacion-obligatoria-corre-por-su-cuenta","status":"publish","type":"post","link":"https:\/\/corrientesdetarde.com\/index.php\/politica\/la-casa-rosada-tomo-distancia-de-benegas-lynch-por-rechazar-la-educacion-obligatoria-corre-por-su-cuenta\/","title":{"rendered":"La Casa Rosada tom\u00f3 distancia de Benegas Lynch por rechazar la educaci\u00f3n obligatoria: \u201cCorre por su cuenta\u201d"},"content":{"rendered":"\n<p>El vocero presidencial Manuel Adorni dijo que las declaraciones del diputado de La Libertad Avanza \u201cno tienen por qu\u00e9 coincidir\u201d con la postura del Gobierno.<\/p>\n\n\n\n<p>El Gobierno se\u00a0<strong>distanci\u00f3\u00a0<\/strong>de las pol\u00e9micas declaraciones del diputado nacional de La Libertad Avanza,\u00a0Alberto &#8220;Bertie&#8221; Benegas Lynch, que dijo: \u201cLa libertad tambi\u00e9n es que si no quer\u00e9s mandar al colegio a tu hijo porque lo\u00a0<strong>necesit\u00e1s en el taller,\u00a0<\/strong>puedas hacerlo\u201d. El vocero presidencial,\u00a0Manuel A<strong>dorni,<\/strong>\u00a0dijo en conferencia de prensa en Casa Rosada que lo que diga el legislador del oficialismo\u00a0<strong>\u201ccorre por su cuenta\u201d.<\/strong><\/p>\n\n\n\n<p>Adorni plante\u00f3: \u201cPara nosotros la educaci\u00f3n, el conocimiento es un<strong>&nbsp;recurso fundamental,&nbsp;<\/strong>siempre habl\u00e9 de que la Argentina sin conocimiento no tiene futuro\u201d, y aclar\u00f3: \u201cLo que diga el diputado corre por cuenta de \u00e9l, tal vez la pol\u00edtica est\u00e9 acostumbrada a moverse en bloque, o en manada, nosotros no, la opini\u00f3n de \u00e9l&nbsp;<strong>no tiene por qu\u00e9 coincidir<\/strong>&nbsp;con la postura del Gobierno\u201d.<\/p>\n\n\n\n<p>El vocero presidencial adem\u00e1s tuvo un fuerte gesto con la ministra de Capital Humano, Sandra Pettovello<strong>,<\/strong>\u00a0que cuestion\u00f3 las declaraciones del legislador. Adorni dijo: \u201cCada vez que hablamos de los m\u00e1s vulnerables, de los m\u00e1s chicos, del trabajo de la ministra Pettovello, siempre hacemos referencia a que de fondo en la batalla contra la pobreza, el aniquilamiento de la pobreza, lo m\u00e1s importante es tener la posibilidad de<strong>\u00a0capacitarse,\u00a0<\/strong>educarse y tener un futuro\u201d.<\/p>\n\n\n\n<p>Adorni agreg\u00f3: \u201cLo \u00fanico que garantiza un futuro es la educaci\u00f3n, la mejor frase que escuch\u00e9 en los \u00faltimos tiempos es de Pettovello, que dijo:&nbsp;<strong>\u2018Hombres trabajando, ni\u00f1os estudiando\u2019,&nbsp;<\/strong>los ni\u00f1os que hoy estudien nos garantizar\u00e1n a todos un pa\u00eds el d\u00eda de ma\u00f1ana\u201d.<\/p>\n\n\n\n<h2 class=\"wp-block-heading\">Las cr\u00edticas del diputado Benegas Lynch a la educaci\u00f3n obligatoria: \u201cPod\u00e9s necesitar a tu hijo en el taller\u201d<\/h2>\n\n\n\n<p>Benegas Lynch le hizo fuertes cr\u00edticas a la educaci\u00f3n obligatoria: \u201cLa libertad tambi\u00e9n es que si no quer\u00e9s mandar al colegio a tu hijo porque lo necesit\u00e1s en el taller, puedas hacerlo\u201d.<\/p>\n\n\n\n<ul class=\"wp-block-list\">\n<li>\u201cDecimos que es importante la educaci\u00f3n, c\u00f3mo se te ocurre darle a un\u00a0<strong>comit\u00e9 de bur\u00f3cratas<\/strong>\u00a0la decisi\u00f3n de la educaci\u00f3n. Si creemos que tenemos para los micr\u00f3fonos, para el caf\u00e9, los autos y los anteojos tener competencia y la cosa lo m\u00e1s abierta posible, c\u00f3mo en la educaci\u00f3n, que es lo m\u00e1s importante, vamos a tener esa cerraz\u00f3n\u201d.<\/li>\n\n\n\n<li>\u201cMuchas veces los padres no se pueden dar el lujo de mandar a los hijos al colegio, \u00bfC\u00f3mo va a decidir el\u00a0<strong>Estado\u00a0<\/strong>sobre el chico?\u201d.<\/li>\n\n\n\n<li>\u201cCreo en el individuo, creo en las decisiones que tomemos de nuestra vida y que el Estado est\u00e1 solamente para proteger derechos individuales\u201d.<\/li>\n<\/ul>\n\n\n\n<h2 class=\"wp-block-heading\">Los dichos de \u201cBertie\u201d Benegas Lynch sobre la educaci\u00f3n molestaron a Pettovello y se abre una interna<\/h2>\n\n\n\n<figure class=\"wp-block-image\"><img decoding=\"async\" src=\"https:\/\/tn.com.ar\/resizer\/pVJsbiLyhr4OsVnxT77JJ0SkT2k=\/767x0\/smart\/filters:format(webp)\/cloudfront-us-east-1.images.arcpublishing.com\/artear\/JRZHM6BTHNC2ZCMSAHIAPRHM6U.jpg\" alt=\"La ministra de Capital Humano, Sandra Pettovello, critic\u00f3 al diputado de La Libertad Avanza, Alberto &quot;Bertie&quot; Benegas Lynch, por sus  comentarios sobre la educaci\u00f3n p\u00fablica (Foto: Instagram @sanpettovello).\"\/><\/figure>\n\n\n\n<p>Las declaraciones de Benegas Lynch generaron el malestar de la ministra de Capital Humano, que dijo que est\u00e1 \u201cen las ant\u00edpodas\u201d del pensamiento del legislador, y tal como adelant\u00f3 el periodista\u00a0<strong>Manuel Jove<\/strong>\u00a0<strong>,<\/strong>\u00a0generaron un fuerte ruido interno en el gobierno del presidente<strong>\u00a0Javier Milei\u00a0<\/strong>a pesar que el diputado libertario aclar\u00f3 que sus opiniones eran\u00a0<strong>a t\u00edtulo personal.<\/strong><\/p>\n\n\n\n<p>En la publicaci\u00f3n que la ministra difundi\u00f3 en sus redes sociales personales, public\u00f3 un extenso texto que dej\u00f3 en claro que la posici\u00f3n del ministerio de Capital Humano -que tiene bajo su \u00f3rbita a la secretar\u00eda de Educaci\u00f3n- est\u00e1 en las&nbsp;<strong>ant\u00edpodas&nbsp;<\/strong>de los dichos de Benegas Lynch.<\/p>\n\n\n\n<p>Pettovello public\u00f3: \u201cHombres trabajando, ni\u00f1os estudiando. La educaci\u00f3n obligatoria fue propuesta en el contexto del&nbsp;<strong>pensamiento humanista liberal<\/strong>&nbsp;justamente para promover la libertad de los menores tutelados por adultos. Esto permite que los ni\u00f1os puedan educarse, ampliando sus horizontes, para desarrollar un proyecto de vida propio en el contexto de culturas cada vez m\u00e1s complejas, lo que vuelve imprescindible una&nbsp;<strong>alfabetizaci\u00f3n integral\u201d.<\/strong><\/p>\n","protected":false},"excerpt":{"rendered":"<p>El vocero presidencial Manuel Adorni dijo que las declaraciones del diputado de La Libertad Avanza \u201cno tienen por qu\u00e9 coincidir\u201d con la postura del Gobierno. El Gobierno se\u00a0distanci\u00f3\u00a0de las pol\u00e9micas&hellip; <\/p>\n","protected":false},"author":8,"featured_media":138638,"comment_status":"closed","ping_status":"open","sticky":false,"template":"","format":"standard","meta":{"footnotes":""},"categories":[3],"tags":[],"class_list":["post-138637","post","type-post","status-publish","format-standard","has-post-thumbnail","hentry","category-politica"],"_links":{"self":[{"href":"https:\/\/corrientesdetarde.com\/index.php\/wp-json\/wp\/v2\/posts\/138637","targetHints":{"allow":["GET"]}}],"collection":[{"href":"https:\/\/corrientesdetarde.com\/index.php\/wp-json\/wp\/v2\/posts"}],"about":[{"href":"https:\/\/corrientesdetarde.com\/index.php\/wp-json\/wp\/v2\/types\/post"}],"author":[{"embeddable":true,"href":"https:\/\/corrientesdetarde.com\/index.php\/wp-json\/wp\/v2\/users\/8"}],"replies":[{"embeddable":true,"href":"https:\/\/corrientesdetarde.com\/index.php\/wp-json\/wp\/v2\/comments?post=138637"}],"version-history":[{"count":1,"href":"https:\/\/corrientesdetarde.com\/index.php\/wp-json\/wp\/v2\/posts\/138637\/revisions"}],"predecessor-version":[{"id":138639,"href":"https:\/\/corrientesdetarde.com\/index.php\/wp-json\/wp\/v2\/posts\/138637\/revisions\/138639"}],"wp:featuredmedia":[{"embeddable":true,"href":"https:\/\/corrientesdetarde.com\/index.php\/wp-json\/wp\/v2\/media\/138638"}],"wp:attachment":[{"href":"https:\/\/corrientesdetarde.com\/index.php\/wp-json\/wp\/v2\/media?parent=138637"}],"wp:term":[{"taxonomy":"category","embeddable":true,"href":"https:\/\/corrientesdetarde.com\/index.php\/wp-json\/wp\/v2\/categories?post=138637"},{"taxonomy":"post_tag","embeddable":true,"href":"https:\/\/corrientesdetarde.com\/index.php\/wp-json\/wp\/v2\/tags?post=138637"}],"curies":[{"name":"wp","href":"https:\/\/api.w.org\/{rel}","templated":true}]}}