{"id":138640,"date":"2024-04-08T14:20:30","date_gmt":"2024-04-08T17:20:30","guid":{"rendered":"https:\/\/corrientesdetarde.com\/?p=138640"},"modified":"2024-04-08T14:20:31","modified_gmt":"2024-04-08T17:20:31","slug":"cine-de-los-martes-se-proyectara-la-pelicula-nosotros-nunca-moriremos","status":"publish","type":"post","link":"https:\/\/corrientesdetarde.com\/index.php\/cultura\/cine-de-los-martes-se-proyectara-la-pelicula-nosotros-nunca-moriremos\/","title":{"rendered":"Cine de los Martes: se proyectar\u00e1 la pel\u00edcula: \u201cNosotros nunca moriremos\u201d"},"content":{"rendered":"\n<p>&nbsp;El Instituto de Cultura de Corrientes invita a una nueva edici\u00f3n del cl\u00e1sico \u201cCine de los martes\u201d que tendr\u00e1 lugar este martes 9 de abril, a las 21, en el patio del organismo provincial, ubicado en San Juan 546. Como siempre, se trata de una propuesta para visibilizar las producciones locales y regionales, con acceso libre y gratuito.<\/p>\n\n\n\n<p>En esta oportunidad, el cine entrerriano llega a Corrientes. Este martes se proyectar\u00e1 la pel\u00edcula de Eduardo Crespo \u201cNosotros nunca moriremos\u201d.<\/p>\n\n\n\n<p>Sinopsis: Rodrigo y su madre viajan al pueblo donde acaba de morir su hermano mayor. Transitar\u00e1n los primeros tiempos del duelo. Rodrigo se ir\u00e1 asomando al dolor de los adultos e ir\u00e1 dejando la infancia. Su madre intentar\u00e1 revelar los misterios de esa muerte.&nbsp;<\/p>\n\n\n\n<p>Una pel\u00edcula con melancol\u00eda y un leve humor, con personajes solitarios. Una historia suspendida en el tiempo, en los lugares perdidos de la provincia.<\/p>\n\n\n\n<figure class=\"wp-block-image size-large\"><img loading=\"lazy\" decoding=\"async\" width=\"1024\" height=\"1024\" src=\"https:\/\/corrientesdetarde.com\/wp-content\/uploads\/2024\/04\/image-127-1024x1024.png\" alt=\"\" class=\"wp-image-138641\" srcset=\"https:\/\/corrientesdetarde.com\/wp-content\/uploads\/2024\/04\/image-127-1024x1024.png 1024w, https:\/\/corrientesdetarde.com\/wp-content\/uploads\/2024\/04\/image-127-300x300.png 300w, https:\/\/corrientesdetarde.com\/wp-content\/uploads\/2024\/04\/image-127-150x150.png 150w, https:\/\/corrientesdetarde.com\/wp-content\/uploads\/2024\/04\/image-127-768x768.png 768w, https:\/\/corrientesdetarde.com\/wp-content\/uploads\/2024\/04\/image-127.png 1080w\" sizes=\"auto, (max-width: 1024px) 100vw, 1024px\" \/><\/figure>\n","protected":false},"excerpt":{"rendered":"<p>&nbsp;El Instituto de Cultura de Corrientes invita a una nueva edici\u00f3n del cl\u00e1sico \u201cCine de los martes\u201d que tendr\u00e1 lugar este martes 9 de abril, a las 21, en el&hellip; <\/p>\n","protected":false},"author":8,"featured_media":138641,"comment_status":"closed","ping_status":"open","sticky":false,"template":"","format":"standard","meta":{"footnotes":""},"categories":[15],"tags":[],"class_list":["post-138640","post","type-post","status-publish","format-standard","has-post-thumbnail","hentry","category-cultura"],"_links":{"self":[{"href":"https:\/\/corrientesdetarde.com\/index.php\/wp-json\/wp\/v2\/posts\/138640","targetHints":{"allow":["GET"]}}],"collection":[{"href":"https:\/\/corrientesdetarde.com\/index.php\/wp-json\/wp\/v2\/posts"}],"about":[{"href":"https:\/\/corrientesdetarde.com\/index.php\/wp-json\/wp\/v2\/types\/post"}],"author":[{"embeddable":true,"href":"https:\/\/corrientesdetarde.com\/index.php\/wp-json\/wp\/v2\/users\/8"}],"replies":[{"embeddable":true,"href":"https:\/\/corrientesdetarde.com\/index.php\/wp-json\/wp\/v2\/comments?post=138640"}],"version-history":[{"count":1,"href":"https:\/\/corrientesdetarde.com\/index.php\/wp-json\/wp\/v2\/posts\/138640\/revisions"}],"predecessor-version":[{"id":138642,"href":"https:\/\/corrientesdetarde.com\/index.php\/wp-json\/wp\/v2\/posts\/138640\/revisions\/138642"}],"wp:featuredmedia":[{"embeddable":true,"href":"https:\/\/corrientesdetarde.com\/index.php\/wp-json\/wp\/v2\/media\/138641"}],"wp:attachment":[{"href":"https:\/\/corrientesdetarde.com\/index.php\/wp-json\/wp\/v2\/media?parent=138640"}],"wp:term":[{"taxonomy":"category","embeddable":true,"href":"https:\/\/corrientesdetarde.com\/index.php\/wp-json\/wp\/v2\/categories?post=138640"},{"taxonomy":"post_tag","embeddable":true,"href":"https:\/\/corrientesdetarde.com\/index.php\/wp-json\/wp\/v2\/tags?post=138640"}],"curies":[{"name":"wp","href":"https:\/\/api.w.org\/{rel}","templated":true}]}}