{"id":138643,"date":"2024-04-08T14:22:55","date_gmt":"2024-04-08T17:22:55","guid":{"rendered":"https:\/\/corrientesdetarde.com\/?p=138643"},"modified":"2024-04-08T14:23:07","modified_gmt":"2024-04-08T17:23:07","slug":"la-municipalidad-inicio-un-plan-de-bacheo-sobre-el-corredor-belgrano","status":"publish","type":"post","link":"https:\/\/corrientesdetarde.com\/index.php\/informacion-general\/la-municipalidad-inicio-un-plan-de-bacheo-sobre-el-corredor-belgrano\/","title":{"rendered":"La Municipalidad inici\u00f3 un plan de bacheo sobre el corredor Belgrano"},"content":{"rendered":"\n<p><em>Las obras, llevadas adelante por la Secretar\u00eda de Infraestructura, incluyen la intervenci\u00f3n sobre las bandas centrales, desde la calle Chaco hasta la avenida Chacabuco, en una primera etapa. Luego los trabajos se extender\u00e1n hasta la Rotonda de la Virgen. Se solicita precauci\u00f3n al transitar por la zona.<\/em><\/p>\n\n\n\n<p>En el marco de las obras de reparaci\u00f3n del pavimento deteriorado, la Municipalidad de Corrientes comenz\u00f3 este lunes con el plan de bacheo sobre el corredor Belgrano. Se trata de la intervenci\u00f3n sobre las bandas centrales (norte y sur) de las avenidas Independencia, Pedro Ferr\u00e9 y 3 de Abril, desde calle Chaco hasta la avenida Chacabuco, en una primera etapa.<br><br>Se trata de una acci\u00f3n desarrollada por la Secretar\u00eda de Infraestructura, a trav\u00e9s de la Subsecretar\u00eda de Obras y Servicios P\u00fablicos, con el objetivo de mejorar la transitabilidad y la circulaci\u00f3n de una de las v\u00edas con mayor circulaci\u00f3n de veh\u00edculos de la ciudad. Si bien no hay un corte total del tr\u00e1nsito, se solicita precauci\u00f3n al pasar por el lugar.<br><br>\u201cEstamos iniciando las tareas en la intersecci\u00f3n de Chaco y 3 de Abril con sellado de juntas y por 3 de Abril y Entre R\u00edos con cuatro losas de bacheo, y vamos a continuar en una primera etapa hasta la avenida Chacabuco\u201d, precis\u00f3 el subsecretario de Obras y Servicios P\u00fablicos, Jorge L\u00f3pez Monaje, quien coordin\u00f3 el inicio de las intervenciones.<br><br>El funcionario resalt\u00f3 que \u201cse est\u00e1 por hacer un mantenimiento integral que incluye sellado de junta, bacheo, y tambi\u00e9n reparaci\u00f3n de cordones\u201d. \u201cLa Municipalidad tiene varios lugares puntuales identificados tanto en banda norte y banda sur\u201d, agreg\u00f3.<br><br>En ese sentido, L\u00f3pez Monaje destac\u00f3 que \u201cel corredor Belgrano es muy fluido, tiene una importancia estrat\u00e9gica de la infraestructura vial, no solamente de la ciudad, sino regional e internacional. Es un lugar donde pasan transporte de carga comercial, tanto interna como extranjera, y entonces es muy importante que esto est\u00e9 en condiciones y que, por supuesto, beneficia indudablemente a cada uno de los vecinos, ya que es una avenida que divide la ciudad en dos, y es muy importante que esto est\u00e9 en condiciones\u201d.<br><br>El subsecretario de Obras y Servicios P\u00fablicos precis\u00f3 por \u00faltimo que las tareas permiten \u201cque el transporte de carga sea fluido y no tengamos inconvenientes, evitando accidentes de tr\u00e1nsito o maniobras peligrosas\u201d.<br><br><a href=\"https:\/\/ciudaddecorrientes.us12.list-manage.com\/track\/click?u=253e4bcff71216c6af771c3c9&amp;id=e113b6db75&amp;e=17643edfa8\" target=\"_blank\" rel=\"noreferrer noopener\">NOTA TV.<\/a><\/p>\n\n\n\n<p>Jorge L\u00f3pez Monaje, subsecretar\u00edo de Obras y Servicios P\u00fablicos.<\/p>\n\n\n\n<figure class=\"wp-block-image size-large\"><img loading=\"lazy\" decoding=\"async\" width=\"1024\" height=\"682\" src=\"https:\/\/corrientesdetarde.com\/wp-content\/uploads\/2024\/04\/image-129-1024x682.png\" alt=\"\" class=\"wp-image-138645\" srcset=\"https:\/\/corrientesdetarde.com\/wp-content\/uploads\/2024\/04\/image-129-1024x682.png 1024w, https:\/\/corrientesdetarde.com\/wp-content\/uploads\/2024\/04\/image-129-300x200.png 300w, https:\/\/corrientesdetarde.com\/wp-content\/uploads\/2024\/04\/image-129-768x512.png 768w, https:\/\/corrientesdetarde.com\/wp-content\/uploads\/2024\/04\/image-129.png 1280w\" sizes=\"auto, (max-width: 1024px) 100vw, 1024px\" \/><\/figure>\n\n\n\n<figure class=\"wp-block-image size-large\"><img loading=\"lazy\" decoding=\"async\" width=\"1024\" height=\"682\" src=\"https:\/\/corrientesdetarde.com\/wp-content\/uploads\/2024\/04\/image-130-1024x682.png\" alt=\"\" class=\"wp-image-138646\" srcset=\"https:\/\/corrientesdetarde.com\/wp-content\/uploads\/2024\/04\/image-130-1024x682.png 1024w, https:\/\/corrientesdetarde.com\/wp-content\/uploads\/2024\/04\/image-130-300x200.png 300w, https:\/\/corrientesdetarde.com\/wp-content\/uploads\/2024\/04\/image-130-768x512.png 768w, https:\/\/corrientesdetarde.com\/wp-content\/uploads\/2024\/04\/image-130.png 1280w\" sizes=\"auto, (max-width: 1024px) 100vw, 1024px\" \/><\/figure>\n\n\n\n<figure class=\"wp-block-image size-large\"><img loading=\"lazy\" decoding=\"async\" width=\"1024\" height=\"682\" src=\"https:\/\/corrientesdetarde.com\/wp-content\/uploads\/2024\/04\/image-131-1024x682.png\" alt=\"\" class=\"wp-image-138647\" srcset=\"https:\/\/corrientesdetarde.com\/wp-content\/uploads\/2024\/04\/image-131-1024x682.png 1024w, https:\/\/corrientesdetarde.com\/wp-content\/uploads\/2024\/04\/image-131-300x200.png 300w, https:\/\/corrientesdetarde.com\/wp-content\/uploads\/2024\/04\/image-131-768x512.png 768w, https:\/\/corrientesdetarde.com\/wp-content\/uploads\/2024\/04\/image-131.png 1280w\" sizes=\"auto, (max-width: 1024px) 100vw, 1024px\" \/><\/figure>\n","protected":false},"excerpt":{"rendered":"<p>Las obras, llevadas adelante por la Secretar\u00eda de Infraestructura, incluyen la intervenci\u00f3n sobre las bandas centrales, desde la calle Chaco hasta la avenida Chacabuco, en una primera etapa. Luego los&hellip; <\/p>\n","protected":false},"author":8,"featured_media":138644,"comment_status":"closed","ping_status":"open","sticky":false,"template":"","format":"standard","meta":{"footnotes":""},"categories":[1],"tags":[],"class_list":["post-138643","post","type-post","status-publish","format-standard","has-post-thumbnail","hentry","category-informacion-general"],"_links":{"self":[{"href":"https:\/\/corrientesdetarde.com\/index.php\/wp-json\/wp\/v2\/posts\/138643","targetHints":{"allow":["GET"]}}],"collection":[{"href":"https:\/\/corrientesdetarde.com\/index.php\/wp-json\/wp\/v2\/posts"}],"about":[{"href":"https:\/\/corrientesdetarde.com\/index.php\/wp-json\/wp\/v2\/types\/post"}],"author":[{"embeddable":true,"href":"https:\/\/corrientesdetarde.com\/index.php\/wp-json\/wp\/v2\/users\/8"}],"replies":[{"embeddable":true,"href":"https:\/\/corrientesdetarde.com\/index.php\/wp-json\/wp\/v2\/comments?post=138643"}],"version-history":[{"count":1,"href":"https:\/\/corrientesdetarde.com\/index.php\/wp-json\/wp\/v2\/posts\/138643\/revisions"}],"predecessor-version":[{"id":138648,"href":"https:\/\/corrientesdetarde.com\/index.php\/wp-json\/wp\/v2\/posts\/138643\/revisions\/138648"}],"wp:featuredmedia":[{"embeddable":true,"href":"https:\/\/corrientesdetarde.com\/index.php\/wp-json\/wp\/v2\/media\/138644"}],"wp:attachment":[{"href":"https:\/\/corrientesdetarde.com\/index.php\/wp-json\/wp\/v2\/media?parent=138643"}],"wp:term":[{"taxonomy":"category","embeddable":true,"href":"https:\/\/corrientesdetarde.com\/index.php\/wp-json\/wp\/v2\/categories?post=138643"},{"taxonomy":"post_tag","embeddable":true,"href":"https:\/\/corrientesdetarde.com\/index.php\/wp-json\/wp\/v2\/tags?post=138643"}],"curies":[{"name":"wp","href":"https:\/\/api.w.org\/{rel}","templated":true}]}}