{"id":138658,"date":"2024-04-08T15:24:05","date_gmt":"2024-04-08T18:24:05","guid":{"rendered":"https:\/\/corrientesdetarde.com\/?p=138658"},"modified":"2024-04-08T15:24:17","modified_gmt":"2024-04-08T18:24:17","slug":"el-gobierno-recibe-a-pichetto-y-a-diputados-de-su-bloque-para-destrabar-apoyos-por-la-ley-omnibus","status":"publish","type":"post","link":"https:\/\/corrientesdetarde.com\/index.php\/politica\/el-gobierno-recibe-a-pichetto-y-a-diputados-de-su-bloque-para-destrabar-apoyos-por-la-ley-omnibus\/","title":{"rendered":"El Gobierno recibe a Pichetto y a diputados de su bloque para destrabar apoyos por la Ley \u00d3mnibus"},"content":{"rendered":"\n<h2 class=\"wp-block-heading\"><\/h2>\n\n\n\n<p>El ministro del Interior, Guillermo Francos, busca acercar posiciones con el sector dialoguista de la oposici\u00f3n antes de que el proyecto vuelva a ingresar al Congreso.<\/p>\n\n\n\n<p>Decidido a evitar un nuevo fracaso con la Ley Omnibus el Gobierno sigue abriendo el di\u00e1logo con los sectores\u00a0<strong>dialoguistas\u00a0<\/strong>de la oposici\u00f3n. El ministro del Interior,\u00a0Guillermo Franco recibir\u00e1 este lunes por la tarde en Casa Rosada a\u00a0<strong>diputados\u00a0<\/strong>del bloque\u00a0<strong>Hacemos Coalici\u00f3n Federal<\/strong>\u00a0que encabeza\u00a0Miguel Angel Pichetto  para unificar posiciones antes de volver a enviar el proyecto al Congreso.\u00a0<\/p>\n\n\n\n<p>Del encuentro, pactado para las&nbsp;<strong>15.30<\/strong>&nbsp;en el despacho de Francos, participar\u00e1n tambi\u00e9n el cordob\u00e9s&nbsp;<strong>Ignacio Jos\u00e9 Garc\u00eda Aresca<\/strong>, y los bonaerenses&nbsp;<strong>Emilio Monz\u00f3<\/strong>,&nbsp;<strong>Nicol\u00e1s Massot<\/strong>,&nbsp;<strong>Florencio Randazzo<\/strong>&nbsp;y&nbsp;<strong>Margarita Stolbizer<\/strong>. Varios de ellos ya hab\u00edan participado de una reuni\u00f3n similar a fines de marzo, aunque en esa oportunidad tambi\u00e9n estuvieron legisladores del&nbsp;<strong>PRO<\/strong>, con&nbsp;<strong>Cristian Ritondo<\/strong>&nbsp;a la cabeza, y algunos de la&nbsp;<strong>Uni\u00f3n C\u00edvica Radical<\/strong>.<\/p>\n\n\n\n<p>El bloque de Hacemos Coalici\u00f3n Federal cuenta con&nbsp;<strong>23 votos<\/strong>&nbsp;que pueden convertirse en la clave para aprobar o rechazar la que se convirti\u00f3 ahora en la herramienta insignia para la desregulaci\u00f3n de la econom\u00eda que impulsa el Gobierno. El propio Pichetto asegur\u00f3 que est\u00e1 dispuesto a trabajar para que la nueva norma salga: \u201c<strong>Me parece necesario y conveniente que el Gobierno tenga la ley<\/strong>&nbsp;y que los gobernadores tengan&nbsp;<strong>previsibilidad fiscal<\/strong>, algo que est\u00e1 incluido en la propuesta\u201d.<\/p>\n\n\n\n<p>De acuerdo a los \u00faltimos trascendidos, en los pr\u00f3ximos d\u00edas se retomar\u00eda el tratamiento de la<strong>&nbsp;\u201cLey de Bases\u201d<\/strong>&nbsp;en el plenario de tres comisiones, Legislaci\u00f3n General, Presupuesto y Hacienda y Asuntos Constitucionales. La base para la discusi\u00f3n ser\u00e1n los&nbsp;<strong>borradores&nbsp;<\/strong>que el gobierno hizo girar a los&nbsp;<strong>gobernadores&nbsp;<\/strong>y a los bloques de diputados del PRO, la UCR, Hacemos Coalici\u00f3n Federal e Innovaci\u00f3n Federal.<\/p>\n\n\n\n<p>El oficialismo ten\u00eda la intenci\u00f3n de que el proyecto ingrese al Congreso en lo inmediato y tenga media sanci\u00f3n a fines de abril, pero hoy<strong>&nbsp;parece lejano ese ambicioso escenario<\/strong>. Sucede que hasta este jueves a la tarde, los&nbsp;<strong>gobernadores de<\/strong>&nbsp;<strong>Juntos por el Cambio<\/strong>&nbsp;no ten\u00edan el texto final de la iniciativa.<\/p>\n\n\n\n<p>Las dudas de los mandatarios provinciales tienen que ver con el&nbsp;<strong>cap\u00edtulo fiscal<\/strong>&nbsp;yvarios atan la aprobaci\u00f3n de la Ley \u00d3mnibus a que el Gobierno ceda con las&nbsp;<strong>cajas previsionales<\/strong>.<\/p>\n\n\n\n<p>Con la excepci\u00f3n del PRO, el resto de los bloques elevaron a jefatura de Gabinete sus sugerencias de modificaciones al borrador y esperan respuestas para los pr\u00f3ximos d\u00edas.<\/p>\n\n\n\n<p>Al parecer, los diputados tomar\u00edan&nbsp;<strong>menos de dos semanas<\/strong>&nbsp;para avanzar con los dict\u00e1menes. Seguir\u00e1n buscando consensos desde el bloque libertario que encabeza Zago con los sectores \u201cdialoguistas\u201d.&nbsp;<strong>Uni\u00f3n por la Patria<\/strong>, con sus 99 diputados que preside Germ\u00e1n Mart\u00ednez y el&nbsp;<strong>Frente de Izquierda<\/strong>, no s on tenidos en cuenta por el oficialismo a la hora de buscar acuerdos.<\/p>\n","protected":false},"excerpt":{"rendered":"<p>El ministro del Interior, Guillermo Francos, busca acercar posiciones con el sector dialoguista de la oposici\u00f3n antes de que el proyecto vuelva a ingresar al Congreso. Decidido a evitar un&hellip; <\/p>\n","protected":false},"author":8,"featured_media":138659,"comment_status":"closed","ping_status":"open","sticky":false,"template":"","format":"standard","meta":{"footnotes":""},"categories":[3],"tags":[],"class_list":["post-138658","post","type-post","status-publish","format-standard","has-post-thumbnail","hentry","category-politica"],"_links":{"self":[{"href":"https:\/\/corrientesdetarde.com\/index.php\/wp-json\/wp\/v2\/posts\/138658","targetHints":{"allow":["GET"]}}],"collection":[{"href":"https:\/\/corrientesdetarde.com\/index.php\/wp-json\/wp\/v2\/posts"}],"about":[{"href":"https:\/\/corrientesdetarde.com\/index.php\/wp-json\/wp\/v2\/types\/post"}],"author":[{"embeddable":true,"href":"https:\/\/corrientesdetarde.com\/index.php\/wp-json\/wp\/v2\/users\/8"}],"replies":[{"embeddable":true,"href":"https:\/\/corrientesdetarde.com\/index.php\/wp-json\/wp\/v2\/comments?post=138658"}],"version-history":[{"count":1,"href":"https:\/\/corrientesdetarde.com\/index.php\/wp-json\/wp\/v2\/posts\/138658\/revisions"}],"predecessor-version":[{"id":138660,"href":"https:\/\/corrientesdetarde.com\/index.php\/wp-json\/wp\/v2\/posts\/138658\/revisions\/138660"}],"wp:featuredmedia":[{"embeddable":true,"href":"https:\/\/corrientesdetarde.com\/index.php\/wp-json\/wp\/v2\/media\/138659"}],"wp:attachment":[{"href":"https:\/\/corrientesdetarde.com\/index.php\/wp-json\/wp\/v2\/media?parent=138658"}],"wp:term":[{"taxonomy":"category","embeddable":true,"href":"https:\/\/corrientesdetarde.com\/index.php\/wp-json\/wp\/v2\/categories?post=138658"},{"taxonomy":"post_tag","embeddable":true,"href":"https:\/\/corrientesdetarde.com\/index.php\/wp-json\/wp\/v2\/tags?post=138658"}],"curies":[{"name":"wp","href":"https:\/\/api.w.org\/{rel}","templated":true}]}}