{"id":138664,"date":"2024-04-08T15:31:23","date_gmt":"2024-04-08T18:31:23","guid":{"rendered":"https:\/\/corrientesdetarde.com\/?p=138664"},"modified":"2024-04-08T15:31:35","modified_gmt":"2024-04-08T18:31:35","slug":"cardozo-entrego-equipamiento-de-ultima-generacion-al-pediatrico","status":"publish","type":"post","link":"https:\/\/corrientesdetarde.com\/index.php\/bienestar-y-salud\/cardozo-entrego-equipamiento-de-ultima-generacion-al-pediatrico\/","title":{"rendered":"Cardozo entreg\u00f3 equipamiento de \u00faltima generaci\u00f3n al Pedi\u00e1trico"},"content":{"rendered":"\n<p><em>Se trata de un ec\u00f3grafo que cuenta con tres transductores, lo que permite hacer una amplia gama de estudios, entre ellos cardiol\u00f3gicos.<\/em><\/p>\n\n\n\n<p>En el marco de un proceso de permanente fortalecimiento institucional de hospitales y centros de salud, el ministro de Salud P\u00fablica de la Provincia, Ricardo Cardozo, entreg\u00f3 este lunes un equipamiento de \u00faltima generaci\u00f3n al Hospital Pedi\u00e1trico &#8220;Juan Pablo II&#8221;. Se trata de un ec\u00f3grafo que cuenta con tres transductores, lo que permite hacer una amplia gama de estudios, entre ellos cardiol\u00f3gicos. Adem\u00e1s, tiene la capacidad de conectarse al sistema para que tales estudios sean informatizados autom\u00e1ticamente.<\/p>\n\n\n\n<p>&#8220;Con todo el equipo de Salud P\u00fablica hacemos un gran esfuerzo para ir consiguiendo los equipos para los hospitales y, en este sentido el Pedi\u00e1trico es un hospital que est\u00e1 en el coraz\u00f3n de todos nosotros y, al ser por ahora el \u00fanico hospital pedi\u00e1trico de la Provincia, debemos darle respuesta con una mirada especial&#8221;, dijo en la ocasi\u00f3n el ministro Cardozo. Remarc\u00f3 as\u00ed que es una instituci\u00f3n que &#8220;tiene una proyecci\u00f3n inmensa y cuenta con personal altamente capacitado&#8221;.<\/p>\n\n\n\n<p>Explic\u00f3 que &#8220;gestionar estos equipos con la situaci\u00f3n actual de la econom\u00eda del pa\u00eds es muy dif\u00edcil&#8221;, por lo que agradeci\u00f3 &#8220;al equipo de la Direcci\u00f3n General de Administraci\u00f3n del Ministerio que da respuesta de manera eficiente y r\u00e1pida, y a la decisi\u00f3n del gobernador Gustavo Vald\u00e9s de fortalecer y modernizar la salud p\u00fablica&#8221;.<\/p>\n\n\n\n<p>Por su parte, el director general de Administraci\u00f3n de la cartera sanitaria,&nbsp;Francisco Fern\u00e1ndez, enfatiz\u00f3: &#8220;Sentimos mucha satisfacci\u00f3n de ser parte de este proceso. Detr\u00e1s de esta compra de equipamiento, de esta tarea de equipar los hospitales, hay mucha gente trabajando y nos sentimos muy satisfecho por toda esa tarea que la llevan adelante. Nos alegra saber que la salud de los correntinos se fortalece cada vez m\u00e1s con estas acciones&#8221;.<\/p>\n\n\n\n<p>Por \u00faltimo, la directora del Hospital Pedi\u00e1trico,&nbsp;Silvana Aguirre Serantes, destac\u00f3 que &#8220;recibimos una cantidad de equipamiento y seguimos recibiendo pr\u00e1cticamente todos los d\u00edas, pero aparte, quiero destacar la respuesta inmediata del Ministerio de Salud P\u00fablica por las obras que se est\u00e1n haciendo en el Hospital\u201d. Detall\u00f3 que &#8220;actualmente se est\u00e1 refaccionando la Casa de Padres, tambi\u00e9n los ba\u00f1os p\u00fablicos, reparaciones en el primer piso, el banco de sangre y en el \u00e1rea de fonoaudiolog\u00eda, entre otras. Todas esas \u00e1reas est\u00e1n siendo intervenidas en este momento&#8221;.<\/p>\n\n\n\n<figure class=\"wp-block-image size-large\"><img loading=\"lazy\" decoding=\"async\" width=\"1024\" height=\"683\" src=\"https:\/\/corrientesdetarde.com\/wp-content\/uploads\/2024\/04\/image-136-1024x683.png\" alt=\"\" class=\"wp-image-138665\" srcset=\"https:\/\/corrientesdetarde.com\/wp-content\/uploads\/2024\/04\/image-136-1024x683.png 1024w, https:\/\/corrientesdetarde.com\/wp-content\/uploads\/2024\/04\/image-136-300x200.png 300w, https:\/\/corrientesdetarde.com\/wp-content\/uploads\/2024\/04\/image-136-768x512.png 768w, https:\/\/corrientesdetarde.com\/wp-content\/uploads\/2024\/04\/image-136-1536x1024.png 1536w, https:\/\/corrientesdetarde.com\/wp-content\/uploads\/2024\/04\/image-136-2048x1365.png 2048w\" sizes=\"auto, (max-width: 1024px) 100vw, 1024px\" \/><\/figure>\n\n\n\n<figure class=\"wp-block-image size-large\"><img loading=\"lazy\" decoding=\"async\" width=\"1024\" height=\"683\" src=\"https:\/\/corrientesdetarde.com\/wp-content\/uploads\/2024\/04\/image-137-1024x683.png\" alt=\"\" class=\"wp-image-138666\" srcset=\"https:\/\/corrientesdetarde.com\/wp-content\/uploads\/2024\/04\/image-137-1024x683.png 1024w, https:\/\/corrientesdetarde.com\/wp-content\/uploads\/2024\/04\/image-137-300x200.png 300w, https:\/\/corrientesdetarde.com\/wp-content\/uploads\/2024\/04\/image-137-768x512.png 768w, https:\/\/corrientesdetarde.com\/wp-content\/uploads\/2024\/04\/image-137-1536x1024.png 1536w, https:\/\/corrientesdetarde.com\/wp-content\/uploads\/2024\/04\/image-137-2048x1365.png 2048w\" sizes=\"auto, (max-width: 1024px) 100vw, 1024px\" \/><\/figure>\n","protected":false},"excerpt":{"rendered":"<p>Se trata de un ec\u00f3grafo que cuenta con tres transductores, lo que permite hacer una amplia gama de estudios, entre ellos cardiol\u00f3gicos. En el marco de un proceso de permanente&hellip; <\/p>\n","protected":false},"author":8,"featured_media":138667,"comment_status":"closed","ping_status":"open","sticky":false,"template":"","format":"standard","meta":{"footnotes":""},"categories":[16],"tags":[],"class_list":["post-138664","post","type-post","status-publish","format-standard","has-post-thumbnail","hentry","category-bienestar-y-salud"],"_links":{"self":[{"href":"https:\/\/corrientesdetarde.com\/index.php\/wp-json\/wp\/v2\/posts\/138664","targetHints":{"allow":["GET"]}}],"collection":[{"href":"https:\/\/corrientesdetarde.com\/index.php\/wp-json\/wp\/v2\/posts"}],"about":[{"href":"https:\/\/corrientesdetarde.com\/index.php\/wp-json\/wp\/v2\/types\/post"}],"author":[{"embeddable":true,"href":"https:\/\/corrientesdetarde.com\/index.php\/wp-json\/wp\/v2\/users\/8"}],"replies":[{"embeddable":true,"href":"https:\/\/corrientesdetarde.com\/index.php\/wp-json\/wp\/v2\/comments?post=138664"}],"version-history":[{"count":1,"href":"https:\/\/corrientesdetarde.com\/index.php\/wp-json\/wp\/v2\/posts\/138664\/revisions"}],"predecessor-version":[{"id":138668,"href":"https:\/\/corrientesdetarde.com\/index.php\/wp-json\/wp\/v2\/posts\/138664\/revisions\/138668"}],"wp:featuredmedia":[{"embeddable":true,"href":"https:\/\/corrientesdetarde.com\/index.php\/wp-json\/wp\/v2\/media\/138667"}],"wp:attachment":[{"href":"https:\/\/corrientesdetarde.com\/index.php\/wp-json\/wp\/v2\/media?parent=138664"}],"wp:term":[{"taxonomy":"category","embeddable":true,"href":"https:\/\/corrientesdetarde.com\/index.php\/wp-json\/wp\/v2\/categories?post=138664"},{"taxonomy":"post_tag","embeddable":true,"href":"https:\/\/corrientesdetarde.com\/index.php\/wp-json\/wp\/v2\/tags?post=138664"}],"curies":[{"name":"wp","href":"https:\/\/api.w.org\/{rel}","templated":true}]}}