{"id":138684,"date":"2024-04-08T16:18:38","date_gmt":"2024-04-08T19:18:38","guid":{"rendered":"https:\/\/corrientesdetarde.com\/?p=138684"},"modified":"2024-04-08T16:18:49","modified_gmt":"2024-04-08T19:18:49","slug":"el-fmi-advierte-que-el-plan-economico-de-caputo-podria-derivar-en-una-hiperrecesion","status":"publish","type":"post","link":"https:\/\/corrientesdetarde.com\/index.php\/economia\/el-fmi-advierte-que-el-plan-economico-de-caputo-podria-derivar-en-una-hiperrecesion\/","title":{"rendered":"El FMI advierte que el plan econ\u00f3mico de Caputo podr\u00eda derivar en \u201cuna hiperrecesi\u00f3n\u201d"},"content":{"rendered":"\n<p>En el organismo consideran que el ministro de Econom\u00eda fue demasiado dr\u00e1stico en sus medidas monetarias. El representante del Fondo en la regi\u00f3n ya hab\u00eda mostrado indicios de esta postura cuando le reclam\u00f3 al Gobierno \u201crevisar la calidad del ajuste\u201d.<\/p>\n\n\n\n<p>La\u00a0pol\u00edtica de ajuste extremoparece estar abriendo un\u00a0foco de conflicto inesperado\u00a0para el Gobierno. M\u00e1s all\u00e1 de la valoraci\u00f3n positiva de las medidas de\u00a0Javier Milei\u00a0para bajar la\u00a0inflaci\u00f3n\u00a0y reducir el\u00a0d\u00e9ficit fiscal, en el Fondo Monetario Internacional (FMI) comienzan a advertir que el ministro de Econom\u00eda,\u00a0Luis \u201cToto\u201d Caputo, fue demasiado dr\u00e1stico en el plano monetario, lo que podr\u00eda empujar al pa\u00eds a una\u00a0\u201chiperrecesi\u00f3n\u201d\u00a0con fuerte costo social.<\/p>\n\n\n\n<p>En la previa de un&nbsp;<strong>nuevo viaje de Caputo a Washington<\/strong>&nbsp;para reunirse con representantes del organismo multilateral de cr\u00e9dito, el clima en el Palacio de Hacienda es de \u00e9xito rotundo: el equipo econ\u00f3mico se entusiasma con un&nbsp;<strong>d\u00f3lar que se mantiene estable<\/strong>&nbsp;por debajo de los $1000 y con una&nbsp;<strong>marcada desaceleraci\u00f3n en los precios<\/strong>&nbsp;tras el fogonazo inflacionario de principios de a\u00f1o.<\/p>\n\n\n\n<p>Estos \u00edndices son&nbsp;<strong>decididamente positivos<\/strong>&nbsp;para la mayor\u00eda de los analistas. Ahora bien, cada vez son m\u00e1s los expertos (incluso en el FMI) que advierten por el&nbsp;<strong>costado negativo<\/strong>&nbsp;de la situaci\u00f3n.<\/p>\n\n\n\n<p>Seg\u00fan explican  la abrupta ca\u00edda del d\u00f3lar y la desaceleraci\u00f3n de los precios ocurren como consecuencia de una\u00a0<strong>fuert\u00edsima restricci\u00f3n monetaria<\/strong>, con Caputo\u00a0<strong>\u201csecando la plaza de pesos\u201d<\/strong>.<\/p>\n\n\n\n<figure class=\"wp-block-image\"><img decoding=\"async\" src=\"https:\/\/tn.com.ar\/resizer\/SODsle0iHS2mmChMGADburTXEQs=\/767x0\/smart\/filters:format(webp)\/cloudfront-us-east-1.images.arcpublishing.com\/artear\/VRXNHBNXAFAXVOPHMTHOKQJXR4.jpg\" alt=\"Caputo junto a la jefa del FMI, Kristalina Georgieva, durante una reuni\u00f3n en Brasil. (Foto: X \/ @Luiscaputoar)\"\/><\/figure>\n\n\n\n<p>Esto significa que la&nbsp;<strong>cantidad de dinero&nbsp;<\/strong>(la base monetaria, es decir, todo el circulante, incluido el efectivo y el dinero que se encuentra en las cajas de ahorro y cuentas corrientes de los bancos)&nbsp;<strong>se achic\u00f3 dr\u00e1sticamente<\/strong>&nbsp;en lo que va de la gesti\u00f3n libertaria:&nbsp;<strong>cay\u00f3 un 36% en t\u00e9rminos reales<\/strong>.<\/p>\n\n\n\n<p>Ahora bien, esto trae aparejados&nbsp;<strong>dos efectos<\/strong>. Uno, positivo, es la&nbsp;<strong>baja del d\u00f3lar y de la inflaci\u00f3n<\/strong>. Al haber menos pesos en la calle, son menos los que compran d\u00f3lares. Es m\u00e1s,&nbsp;<strong>muchos argentinos venden sus ahorros en moneda extranjera<\/strong>&nbsp;para hacer frente a sus obligaciones, algo que se nota cada vez m\u00e1s en las peque\u00f1as y medianas empresas que suelen financiarse de ese modo. Y, con menos pesos en la calle,&nbsp;<strong>los precios no aumentan<\/strong>&nbsp;<strong>tanto&nbsp;<\/strong>porque los consumidores tienen&nbsp;<strong>menos poder de compra<\/strong>.<\/p>\n\n\n\n<p>La&nbsp;<strong>contracara&nbsp;<\/strong>de esta situaci\u00f3n es la que preocupa al FMI: la&nbsp;<strong>hiperrecesi\u00f3n<\/strong>. \u00bfC\u00f3mo se explica este fen\u00f3meno? Al caer el consumo, las f\u00e1bricas no producen. Al no producir, las empresas empiezan a suspender gente. Y, de sostenerse este panorama, los&nbsp;<strong>despidos masivos<\/strong>&nbsp;estar\u00edan en el futuro cercano.<\/p>\n\n\n\n<p>El representante del Fondo en la regi\u00f3n,&nbsp;<strong>Rodrigo Vald\u00e9s<\/strong>, ya hab\u00eda mostrado indicios de esta postura dos semanas atr\u00e1s, cuando le reclam\u00f3 al Gobierno&nbsp;<strong>\u201crevisar la calidad del ajuste\u201d<\/strong>&nbsp;y pidi\u00f3 que los controles cambiarios sean equilibrados&nbsp;<strong>\u201cde forma muy cuidadosa\u201d<\/strong>.<\/p>\n\n\n\n<p>Vald\u00e9s remarc\u00f3 que desde el FMI consideran importante&nbsp;<strong>\u201csostener los esfuerzos\u201d<\/strong>&nbsp;para apoyar a los \u201csectores m\u00e1s vulnerables de la poblaci\u00f3n\u201d y que as\u00ed la carga m\u00e1s pesada del ajuste no caiga&nbsp;<strong>\u201cdesproporcionadamente sobre las familias trabajadoras\u201d.<\/strong><\/p>\n\n\n\n<p>\u201cDesde el FMI nuestro compromiso con las autoridades es profundo y constructivo. Nos enfocamos en el aspecto t\u00e9cnico y en el dise\u00f1o de pol\u00edticas que puedan restaurar la estabilidad macroecon\u00f3mica en Argentina de forma sustentable\u201d, resalt\u00f3 en medio de las especulaciones sobre un nuevo acuerd<a href=\"https:\/\/tn.com.ar\/economia\/2024\/03\/15\/javier-milei-evalua-un-nuevo-acuerdo-con-el-fmi-y-tomar-deuda-con-privados-para-acelerar-la-salida-del-cepo\/\">o<\/a>&nbsp;y concluy\u00f3: \u201cCompartimos la visi\u00f3n de las autoridades de&nbsp;<strong>crear una econom\u00eda m\u00e1s abierta y m\u00e1s orientada al mercado&nbsp;<\/strong>que puede brindarle mayor prosperidad a los argentinos\u201d.<\/p>\n","protected":false},"excerpt":{"rendered":"<p>En el organismo consideran que el ministro de Econom\u00eda fue demasiado dr\u00e1stico en sus medidas monetarias. El representante del Fondo en la regi\u00f3n ya hab\u00eda mostrado indicios de esta postura&hellip; <\/p>\n","protected":false},"author":8,"featured_media":138685,"comment_status":"closed","ping_status":"open","sticky":false,"template":"","format":"standard","meta":{"footnotes":""},"categories":[20],"tags":[],"class_list":["post-138684","post","type-post","status-publish","format-standard","has-post-thumbnail","hentry","category-economia"],"_links":{"self":[{"href":"https:\/\/corrientesdetarde.com\/index.php\/wp-json\/wp\/v2\/posts\/138684","targetHints":{"allow":["GET"]}}],"collection":[{"href":"https:\/\/corrientesdetarde.com\/index.php\/wp-json\/wp\/v2\/posts"}],"about":[{"href":"https:\/\/corrientesdetarde.com\/index.php\/wp-json\/wp\/v2\/types\/post"}],"author":[{"embeddable":true,"href":"https:\/\/corrientesdetarde.com\/index.php\/wp-json\/wp\/v2\/users\/8"}],"replies":[{"embeddable":true,"href":"https:\/\/corrientesdetarde.com\/index.php\/wp-json\/wp\/v2\/comments?post=138684"}],"version-history":[{"count":1,"href":"https:\/\/corrientesdetarde.com\/index.php\/wp-json\/wp\/v2\/posts\/138684\/revisions"}],"predecessor-version":[{"id":138686,"href":"https:\/\/corrientesdetarde.com\/index.php\/wp-json\/wp\/v2\/posts\/138684\/revisions\/138686"}],"wp:featuredmedia":[{"embeddable":true,"href":"https:\/\/corrientesdetarde.com\/index.php\/wp-json\/wp\/v2\/media\/138685"}],"wp:attachment":[{"href":"https:\/\/corrientesdetarde.com\/index.php\/wp-json\/wp\/v2\/media?parent=138684"}],"wp:term":[{"taxonomy":"category","embeddable":true,"href":"https:\/\/corrientesdetarde.com\/index.php\/wp-json\/wp\/v2\/categories?post=138684"},{"taxonomy":"post_tag","embeddable":true,"href":"https:\/\/corrientesdetarde.com\/index.php\/wp-json\/wp\/v2\/tags?post=138684"}],"curies":[{"name":"wp","href":"https:\/\/api.w.org\/{rel}","templated":true}]}}