{"id":138693,"date":"2024-04-08T18:37:56","date_gmt":"2024-04-08T21:37:56","guid":{"rendered":"https:\/\/corrientesdetarde.com\/?p=138693"},"modified":"2024-04-08T18:38:09","modified_gmt":"2024-04-08T21:38:09","slug":"el-gobierno-activo-para-evitar-el-paro-del-transporte-y-en-avanzar-con-la-ley-bases","status":"publish","type":"post","link":"https:\/\/corrientesdetarde.com\/index.php\/politica\/el-gobierno-activo-para-evitar-el-paro-del-transporte-y-en-avanzar-con-la-ley-bases\/","title":{"rendered":"El Gobierno activ\u00f3 para evitar el paro del transporte y en avanzar con la Ley Bases"},"content":{"rendered":"\n<p><strong>Por Juan Pablo Peralta desde Casa Rosada<\/strong> <\/p>\n\n\n\n<p>El presidente Javier Milei se qued\u00f3 en Olivos sin agenda p\u00fablica y fue su vocero, Manuel Adorni, quien anunci\u00f3 la eliminaci\u00f3n de controles aduaneros y la liberaci\u00f3n del sistema de pago del transporte p\u00fablico. El funcionario plante\u00f3 la posici\u00f3n del Gobierno con respecto a la posibilidad del paro de los camioneros que impulsa Pablo Moyano y el de la UTA, que hoy fue desactivado por la intervenci\u00f3n de la Secretar\u00eda de Transporte.<\/p>\n\n\n\n<figure class=\"wp-block-embed is-type-video is-provider-youtube wp-block-embed-youtube wp-embed-aspect-16-9 wp-has-aspect-ratio\"><div class=\"wp-block-embed__wrapper\">\n<iframe loading=\"lazy\" title=\"El Gobierno activ\u00f3 para evitar el paro del transporte y en avanzar con la Ley Bases\" width=\"1110\" height=\"624\" src=\"https:\/\/www.youtube.com\/embed\/I5YszkjAG-U?feature=oembed\" frameborder=\"0\" allow=\"accelerometer; autoplay; clipboard-write; encrypted-media; gyroscope; picture-in-picture; web-share\" referrerpolicy=\"strict-origin-when-cross-origin\" allowfullscreen><\/iframe>\n<\/div><\/figure>\n\n\n\n<p> Este lunes estuvieron en Casa Rosada los diputados de Hacemos Coalici\u00f3n Federal, encabezados por Miguel \u00c1ngel Pichetto (foto), que a la salida del encuentro con Guillermo Francos (Interior) expres\u00f3 que se trat\u00f3 de una reuni\u00f3n informativa y que ve con mayores posibilidades de aprobaci\u00f3n esta Ley Bases reducida.<\/p>\n","protected":false},"excerpt":{"rendered":"<p>Por Juan Pablo Peralta desde Casa Rosada El presidente Javier Milei se qued\u00f3 en Olivos sin agenda p\u00fablica y fue su vocero, Manuel Adorni, quien anunci\u00f3 la eliminaci\u00f3n de controles&hellip; <\/p>\n","protected":false},"author":11,"featured_media":41569,"comment_status":"closed","ping_status":"open","sticky":false,"template":"","format":"standard","meta":{"footnotes":""},"categories":[10,3],"tags":[],"class_list":["post-138693","post","type-post","status-publish","format-standard","has-post-thumbnail","hentry","category-nacionales","category-politica"],"_links":{"self":[{"href":"https:\/\/corrientesdetarde.com\/index.php\/wp-json\/wp\/v2\/posts\/138693","targetHints":{"allow":["GET"]}}],"collection":[{"href":"https:\/\/corrientesdetarde.com\/index.php\/wp-json\/wp\/v2\/posts"}],"about":[{"href":"https:\/\/corrientesdetarde.com\/index.php\/wp-json\/wp\/v2\/types\/post"}],"author":[{"embeddable":true,"href":"https:\/\/corrientesdetarde.com\/index.php\/wp-json\/wp\/v2\/users\/11"}],"replies":[{"embeddable":true,"href":"https:\/\/corrientesdetarde.com\/index.php\/wp-json\/wp\/v2\/comments?post=138693"}],"version-history":[{"count":1,"href":"https:\/\/corrientesdetarde.com\/index.php\/wp-json\/wp\/v2\/posts\/138693\/revisions"}],"predecessor-version":[{"id":138694,"href":"https:\/\/corrientesdetarde.com\/index.php\/wp-json\/wp\/v2\/posts\/138693\/revisions\/138694"}],"wp:featuredmedia":[{"embeddable":true,"href":"https:\/\/corrientesdetarde.com\/index.php\/wp-json\/wp\/v2\/media\/41569"}],"wp:attachment":[{"href":"https:\/\/corrientesdetarde.com\/index.php\/wp-json\/wp\/v2\/media?parent=138693"}],"wp:term":[{"taxonomy":"category","embeddable":true,"href":"https:\/\/corrientesdetarde.com\/index.php\/wp-json\/wp\/v2\/categories?post=138693"},{"taxonomy":"post_tag","embeddable":true,"href":"https:\/\/corrientesdetarde.com\/index.php\/wp-json\/wp\/v2\/tags?post=138693"}],"curies":[{"name":"wp","href":"https:\/\/api.w.org\/{rel}","templated":true}]}}