{"id":138702,"date":"2024-04-08T23:33:02","date_gmt":"2024-04-09T02:33:02","guid":{"rendered":"https:\/\/corrientesdetarde.com\/?p=138702"},"modified":"2024-04-08T23:33:13","modified_gmt":"2024-04-09T02:33:13","slug":"reunion-de-trabajo-del-programa-provincial-de-accesibilidad-igualitaria-kits-de-gestion-mestrual","status":"publish","type":"post","link":"https:\/\/corrientesdetarde.com\/index.php\/sociales\/reunion-de-trabajo-del-programa-provincial-de-accesibilidad-igualitaria-kits-de-gestion-mestrual\/","title":{"rendered":"Reuni\u00f3n de trabajo del &#8220;Programa Provincial de Accesibilidad Igualitaria- Kits de Gesti\u00f3n Mestrual&#8221;"},"content":{"rendered":"\n<p>Este lunes 8, en las instalaciones de este Ministerio de Desarrollo Social, se reunieron directores\u00a0y referentes con la coordinadora del programa, Guadalupe G\u00f3mez Lorente, a fin de planificar las acciones vinculadas a la entrega de los kit igualitarios, en continuidad con el trabajo que se viene desarrollando desde el a\u00f1o 2021.<br>Cabe mencionar, que el objetivo principal del programa, en articulaci\u00f3n con el Ministerio de Salud y Educaci\u00f3n, es acompa\u00f1ar y asistir a mujeres de 11 a 47 a\u00f1os, apoyando y brind\u00e1ndoles asistencia continua con recursos b\u00e1sicos para la gesti\u00f3n menstrual, garantizando el derecho a la salud e informaci\u00f3n.<br>Pr\u00f3ximamente,\u00a0se dar\u00e1 a conocer la fecha de entrega de los kits igualitarios.<\/p>\n\n\n\n<figure class=\"wp-block-image size-large\"><img loading=\"lazy\" decoding=\"async\" width=\"1024\" height=\"770\" src=\"https:\/\/corrientesdetarde.com\/wp-content\/uploads\/2024\/04\/image-150-1024x770.png\" alt=\"\" class=\"wp-image-138781\" srcset=\"https:\/\/corrientesdetarde.com\/wp-content\/uploads\/2024\/04\/image-150-1024x770.png 1024w, https:\/\/corrientesdetarde.com\/wp-content\/uploads\/2024\/04\/image-150-300x226.png 300w, https:\/\/corrientesdetarde.com\/wp-content\/uploads\/2024\/04\/image-150-768x578.png 768w, https:\/\/corrientesdetarde.com\/wp-content\/uploads\/2024\/04\/image-150.png 1026w\" sizes=\"auto, (max-width: 1024px) 100vw, 1024px\" \/><\/figure>\n","protected":false},"excerpt":{"rendered":"<p>Este lunes 8, en las instalaciones de este Ministerio de Desarrollo Social, se reunieron directores\u00a0y referentes con la coordinadora del programa, Guadalupe G\u00f3mez Lorente, a fin de planificar las acciones&hellip; <\/p>\n","protected":false},"author":4,"featured_media":138782,"comment_status":"closed","ping_status":"open","sticky":false,"template":"","format":"standard","meta":{"footnotes":""},"categories":[17],"tags":[],"class_list":["post-138702","post","type-post","status-publish","format-standard","has-post-thumbnail","hentry","category-sociales"],"_links":{"self":[{"href":"https:\/\/corrientesdetarde.com\/index.php\/wp-json\/wp\/v2\/posts\/138702","targetHints":{"allow":["GET"]}}],"collection":[{"href":"https:\/\/corrientesdetarde.com\/index.php\/wp-json\/wp\/v2\/posts"}],"about":[{"href":"https:\/\/corrientesdetarde.com\/index.php\/wp-json\/wp\/v2\/types\/post"}],"author":[{"embeddable":true,"href":"https:\/\/corrientesdetarde.com\/index.php\/wp-json\/wp\/v2\/users\/4"}],"replies":[{"embeddable":true,"href":"https:\/\/corrientesdetarde.com\/index.php\/wp-json\/wp\/v2\/comments?post=138702"}],"version-history":[{"count":1,"href":"https:\/\/corrientesdetarde.com\/index.php\/wp-json\/wp\/v2\/posts\/138702\/revisions"}],"predecessor-version":[{"id":138783,"href":"https:\/\/corrientesdetarde.com\/index.php\/wp-json\/wp\/v2\/posts\/138702\/revisions\/138783"}],"wp:featuredmedia":[{"embeddable":true,"href":"https:\/\/corrientesdetarde.com\/index.php\/wp-json\/wp\/v2\/media\/138782"}],"wp:attachment":[{"href":"https:\/\/corrientesdetarde.com\/index.php\/wp-json\/wp\/v2\/media?parent=138702"}],"wp:term":[{"taxonomy":"category","embeddable":true,"href":"https:\/\/corrientesdetarde.com\/index.php\/wp-json\/wp\/v2\/categories?post=138702"},{"taxonomy":"post_tag","embeddable":true,"href":"https:\/\/corrientesdetarde.com\/index.php\/wp-json\/wp\/v2\/tags?post=138702"}],"curies":[{"name":"wp","href":"https:\/\/api.w.org\/{rel}","templated":true}]}}