{"id":138703,"date":"2024-04-08T23:29:34","date_gmt":"2024-04-09T02:29:34","guid":{"rendered":"https:\/\/corrientesdetarde.com\/?p=138703"},"modified":"2024-04-08T23:31:35","modified_gmt":"2024-04-09T02:31:35","slug":"capital-el-coprodis-entrego-elementos-de-ortopedia-y-asesoro-familias","status":"publish","type":"post","link":"https:\/\/corrientesdetarde.com\/index.php\/destacados\/capital-el-coprodis-entrego-elementos-de-ortopedia-y-asesoro-familias\/","title":{"rendered":"Capital: el COPRODIS entreg\u00f3 elementos de ortopedia y asesor\u00f3 familias"},"content":{"rendered":"\n<p><em>El Ministerio de Desarrollo Social de la Provincia, a cargo de Ad\u00e1n Gaya, contin\u00faa con el fortalecimiento en los hogares de personas con discapacidad.<\/em><\/p>\n\n\n\n<p>En este marco, el Consejo Provincial de Discapacidad visit\u00f3 en las \u00faltimas horas a familias de Capital, brind\u00f3 asesoramiento sobre acceso a derechos y realiz\u00f3 entrega de recursos a personas del barrio San Antonio.<\/p>\n\n\n\n<figure class=\"wp-block-image size-full\"><img loading=\"lazy\" decoding=\"async\" width=\"681\" height=\"900\" src=\"https:\/\/corrientesdetarde.com\/wp-content\/uploads\/2024\/04\/Captura-de-pantalla-2024-04-08-232911.png\" alt=\"\" class=\"wp-image-138776\" srcset=\"https:\/\/corrientesdetarde.com\/wp-content\/uploads\/2024\/04\/Captura-de-pantalla-2024-04-08-232911.png 681w, https:\/\/corrientesdetarde.com\/wp-content\/uploads\/2024\/04\/Captura-de-pantalla-2024-04-08-232911-227x300.png 227w\" sizes=\"auto, (max-width: 681px) 100vw, 681px\" \/><\/figure>\n\n\n\n<p>Asimismo, desde sus oficinas ubicadas en Catamarca al 580, se entreg\u00f3 este lunes 8 de abril&nbsp;un par de muletas. Y se contin\u00faan entregando elementos de ortopedia para personas con discapacidad que no poseen cobertura social.<\/p>\n\n\n\n<figure class=\"wp-block-image size-full\"><img loading=\"lazy\" decoding=\"async\" width=\"425\" height=\"889\" src=\"https:\/\/corrientesdetarde.com\/wp-content\/uploads\/2024\/04\/image-149.png\" alt=\"\" class=\"wp-image-138775\" srcset=\"https:\/\/corrientesdetarde.com\/wp-content\/uploads\/2024\/04\/image-149.png 425w, https:\/\/corrientesdetarde.com\/wp-content\/uploads\/2024\/04\/image-149-143x300.png 143w\" sizes=\"auto, (max-width: 425px) 100vw, 425px\" \/><\/figure>\n","protected":false},"excerpt":{"rendered":"<p>El Ministerio de Desarrollo Social de la Provincia, a cargo de Ad\u00e1n Gaya, contin\u00faa con el fortalecimiento en los hogares de personas con discapacidad. En este marco, el Consejo Provincial&hellip; <\/p>\n","protected":false},"author":4,"featured_media":138778,"comment_status":"closed","ping_status":"open","sticky":false,"template":"","format":"standard","meta":{"footnotes":""},"categories":[26],"tags":[],"class_list":["post-138703","post","type-post","status-publish","format-standard","has-post-thumbnail","hentry","category-destacados"],"_links":{"self":[{"href":"https:\/\/corrientesdetarde.com\/index.php\/wp-json\/wp\/v2\/posts\/138703","targetHints":{"allow":["GET"]}}],"collection":[{"href":"https:\/\/corrientesdetarde.com\/index.php\/wp-json\/wp\/v2\/posts"}],"about":[{"href":"https:\/\/corrientesdetarde.com\/index.php\/wp-json\/wp\/v2\/types\/post"}],"author":[{"embeddable":true,"href":"https:\/\/corrientesdetarde.com\/index.php\/wp-json\/wp\/v2\/users\/4"}],"replies":[{"embeddable":true,"href":"https:\/\/corrientesdetarde.com\/index.php\/wp-json\/wp\/v2\/comments?post=138703"}],"version-history":[{"count":2,"href":"https:\/\/corrientesdetarde.com\/index.php\/wp-json\/wp\/v2\/posts\/138703\/revisions"}],"predecessor-version":[{"id":138779,"href":"https:\/\/corrientesdetarde.com\/index.php\/wp-json\/wp\/v2\/posts\/138703\/revisions\/138779"}],"wp:featuredmedia":[{"embeddable":true,"href":"https:\/\/corrientesdetarde.com\/index.php\/wp-json\/wp\/v2\/media\/138778"}],"wp:attachment":[{"href":"https:\/\/corrientesdetarde.com\/index.php\/wp-json\/wp\/v2\/media?parent=138703"}],"wp:term":[{"taxonomy":"category","embeddable":true,"href":"https:\/\/corrientesdetarde.com\/index.php\/wp-json\/wp\/v2\/categories?post=138703"},{"taxonomy":"post_tag","embeddable":true,"href":"https:\/\/corrientesdetarde.com\/index.php\/wp-json\/wp\/v2\/tags?post=138703"}],"curies":[{"name":"wp","href":"https:\/\/api.w.org\/{rel}","templated":true}]}}