{"id":138705,"date":"2024-04-08T21:34:26","date_gmt":"2024-04-09T00:34:26","guid":{"rendered":"https:\/\/corrientesdetarde.com\/?p=138705"},"modified":"2024-04-08T23:44:27","modified_gmt":"2024-04-09T02:44:27","slug":"tras-una-reunion-con-empresarios-la-uta-suspendio-el-paro-de-colectivos","status":"publish","type":"post","link":"https:\/\/corrientesdetarde.com\/index.php\/politica\/tras-una-reunion-con-empresarios-la-uta-suspendio-el-paro-de-colectivos\/","title":{"rendered":"Tras una reuni\u00f3n con empresarios, la UTA suspendi\u00f3 el paro de colectivos"},"content":{"rendered":"\n<p>La Secretar\u00eda de Trabajo pidi\u00f3 que las negociaciones se prolonguen y vuelven a reunirse el miercoles.<\/p>\n\n\n\n<p>La Uni\u00f3n Tranviarios Automotor (UTA) suspendi\u00f3 el paro de colectivos y continuar\u00e1 la negociaci\u00f3n el mi\u00e9rcoles a las 13 horas, seg\u00fan acord\u00f3 este lunes tras una reuni\u00f3n con empresarios del sector,<\/p>\n\n\n\n<p>La Secretar\u00eda de Trabajo intercedi\u00f3 y solicit\u00f3 que se prolonguen las negociaciones por las diferencias en el salario b\u00e1sico de los trabajadores.<\/p>\n\n\n\n<p>Para la jornada de este lunes a las 18 se esperaba una medida de fuerza pero la secretar\u00eda de Trabajo intervino y cit\u00f3 a las partes para el mi\u00e9rcoles 10 a las 13 horas.&nbsp;<\/p>\n\n\n\n<p>Hasta ese momento y en &#8220;procura de la paz social&#8221; y \u201cno paralizar un servicio de gran relevancia para millones de personas\u201d, se suspende la medida y se espera que el mi\u00e9rcoles haya \u201c una determinaci\u00f3n final\u201d, expusieron desde la UTA en un comunicado.<\/p>\n\n\n\n<figure class=\"wp-block-image size-full\"><img loading=\"lazy\" decoding=\"async\" width=\"783\" height=\"474\" src=\"https:\/\/corrientesdetarde.com\/wp-content\/uploads\/2024\/04\/image-143.png\" alt=\"\" class=\"wp-image-138743\" srcset=\"https:\/\/corrientesdetarde.com\/wp-content\/uploads\/2024\/04\/image-143.png 783w, https:\/\/corrientesdetarde.com\/wp-content\/uploads\/2024\/04\/image-143-300x182.png 300w, https:\/\/corrientesdetarde.com\/wp-content\/uploads\/2024\/04\/image-143-768x465.png 768w\" sizes=\"auto, (max-width: 783px) 100vw, 783px\" \/><\/figure>\n\n\n\n<p>\u201cSi aparecen los $250.000 de diferencia, trabajamos normalmente\u201d, dijo el secretario general de UTA&nbsp;<strong>Roberto Fern\u00e1ndez<\/strong>&nbsp;tras una reuni\u00f3n con las c\u00e1maras empresarias y la cartera laboral.<\/p>\n\n\n\n<p>De esta forma, Fernandez puso como plazo final la reuni\u00f3n del mi\u00e9rcoles para dar cumplimiento al acuerdo salarial homologado. Se desprende de ello que la medida de fuerza queda stand by y la incertidumbre de millones de usuarios pasa al mi\u00e9rcoles al mediod\u00eda.<\/p>\n\n\n\n<p>Los 250.000 pesos a los que Fernandez hace referencia, viene siendo la base del conflicto. SI bien hay un acuerdo por esos 250.000 pesos con las empresas de transporte, el Estado a\u00fan no le reconoce en la estructura de costos esos acuerdos a las empresas y por ende no se los paga, y las empresas no pueden hacer frente al pago.&nbsp;<\/p>\n\n\n\n<p>La UTA reclama que al b\u00e1sico de marzo se le incorpore la suma no remunerativa de $250.000 pactada para febrero, mes en el que el sueldo inicial alcanzaba los&nbsp;<strong>$737.000<\/strong>. Es decir, el sindicato pide que el b\u00e1sico a cobrar sea de<strong>&nbsp;987.000 pesos<\/strong>.&nbsp;<\/p>\n\n\n\n<p>Las empresas operadores de transporte de pasajeros, por su parte, public\u00f3 un comunicado donde le solicita la actualizaci\u00f3n de costos a la secretar\u00eda de transporte: \u201cSolicitamos a la autoridad de aplicaci\u00f3n (en referencia a la Secretar\u00eda de Transporte) que proceda de manera inmediata a corregir los c\u00e1lculos que determinar los niveles de ingresos necesarios para operar\u201d.<\/p>\n\n\n\n<p>Las empresas de transporte aseguran que la diferencia entre el costo real \u00a0y el reconocido es del 50%: \u201cA la fecha entre tarifa y subsidios se reconoce apenas<strong>\u00a0<\/strong><strong>650 pesos<\/strong>\u00a0por viaje cuando el costo real (objetivamente medido) es de<strong>\u00a0<\/strong><strong>1200&#8243;.<\/strong><\/p>\n\n\n\n<figure class=\"wp-block-image size-full\"><img loading=\"lazy\" decoding=\"async\" width=\"778\" height=\"471\" src=\"https:\/\/corrientesdetarde.com\/wp-content\/uploads\/2024\/04\/image-144.png\" alt=\"\" class=\"wp-image-138744\" srcset=\"https:\/\/corrientesdetarde.com\/wp-content\/uploads\/2024\/04\/image-144.png 778w, https:\/\/corrientesdetarde.com\/wp-content\/uploads\/2024\/04\/image-144-300x182.png 300w, https:\/\/corrientesdetarde.com\/wp-content\/uploads\/2024\/04\/image-144-768x465.png 768w\" sizes=\"auto, (max-width: 778px) 100vw, 778px\" \/><\/figure>\n\n\n\n<p>Por su parte, la Secretar\u00eda de Transporte afirma que \u201cno tiene injerencia en los acuerdos de paritarias que mantiene la UTA con la patronal, no es parte del acuerdo y por ende no es responsable de los mismos. La Secretar\u00eda de Transporte de la Naci\u00f3n hizo lo que le correspond\u00eda y concret\u00f3 un reconocimiento de costos del sector, manteniendo di\u00e1logo con las C\u00e1maras. No puede intervenir de otra forma ya que no es parte del conflicto\u201d.<\/p>\n\n\n\n<p>El conflicto contin\u00faa y el mi\u00e9rcoles se volver\u00e1n a ver las caras las partes y la disputa sigue con final abierto. De ello depende que millones de personas puedan volver a su casa en transporte p\u00fablico el pr\u00f3ximo mi\u00e9rcoles.<\/p>\n","protected":false},"excerpt":{"rendered":"<p>La Secretar\u00eda de Trabajo pidi\u00f3 que las negociaciones se prolonguen y vuelven a reunirse el miercoles. La Uni\u00f3n Tranviarios Automotor (UTA) suspendi\u00f3 el paro de colectivos y continuar\u00e1 la negociaci\u00f3n&hellip; <\/p>\n","protected":false},"author":4,"featured_media":138745,"comment_status":"closed","ping_status":"open","sticky":false,"template":"","format":"standard","meta":{"footnotes":""},"categories":[23,3],"tags":[],"class_list":["post-138705","post","type-post","status-publish","format-standard","has-post-thumbnail","hentry","category-actualidad","category-politica"],"_links":{"self":[{"href":"https:\/\/corrientesdetarde.com\/index.php\/wp-json\/wp\/v2\/posts\/138705","targetHints":{"allow":["GET"]}}],"collection":[{"href":"https:\/\/corrientesdetarde.com\/index.php\/wp-json\/wp\/v2\/posts"}],"about":[{"href":"https:\/\/corrientesdetarde.com\/index.php\/wp-json\/wp\/v2\/types\/post"}],"author":[{"embeddable":true,"href":"https:\/\/corrientesdetarde.com\/index.php\/wp-json\/wp\/v2\/users\/4"}],"replies":[{"embeddable":true,"href":"https:\/\/corrientesdetarde.com\/index.php\/wp-json\/wp\/v2\/comments?post=138705"}],"version-history":[{"count":1,"href":"https:\/\/corrientesdetarde.com\/index.php\/wp-json\/wp\/v2\/posts\/138705\/revisions"}],"predecessor-version":[{"id":138746,"href":"https:\/\/corrientesdetarde.com\/index.php\/wp-json\/wp\/v2\/posts\/138705\/revisions\/138746"}],"wp:featuredmedia":[{"embeddable":true,"href":"https:\/\/corrientesdetarde.com\/index.php\/wp-json\/wp\/v2\/media\/138745"}],"wp:attachment":[{"href":"https:\/\/corrientesdetarde.com\/index.php\/wp-json\/wp\/v2\/media?parent=138705"}],"wp:term":[{"taxonomy":"category","embeddable":true,"href":"https:\/\/corrientesdetarde.com\/index.php\/wp-json\/wp\/v2\/categories?post=138705"},{"taxonomy":"post_tag","embeddable":true,"href":"https:\/\/corrientesdetarde.com\/index.php\/wp-json\/wp\/v2\/tags?post=138705"}],"curies":[{"name":"wp","href":"https:\/\/api.w.org\/{rel}","templated":true}]}}