{"id":138714,"date":"2024-04-08T20:40:11","date_gmt":"2024-04-08T23:40:11","guid":{"rendered":"https:\/\/corrientesdetarde.com\/?p=138714"},"modified":"2024-04-08T20:40:14","modified_gmt":"2024-04-08T23:40:14","slug":"venezuela-opositores-a-maduro-podran-viajar-a-la-argentina-tras-el-conflicto","status":"publish","type":"post","link":"https:\/\/corrientesdetarde.com\/index.php\/internacionales\/venezuela-opositores-a-maduro-podran-viajar-a-la-argentina-tras-el-conflicto\/","title":{"rendered":"Venezuela: opositores a Maduro podr\u00e1n viajar a la Argentina tras el conflicto"},"content":{"rendered":"\n<p>Ya tienen los salvoconductos para trasladarse.<\/p>\n\n\n\n<p>El gobierno de\u00a0<strong>Venezuela<\/strong>\u00a0otorg\u00f3 salvaconductos a seis colaboradores de la l\u00edder opositora\u00a0Mar\u00eda Corina Machado\u00a0para que viajen a la Argentina, anunci\u00f3 una fuente del Gobierno.<\/p>\n\n\n\n<p>En marzo, seis miembros del equipo de&nbsp;<strong>Machado<\/strong>&nbsp;pidieron asilo en la sede de la embajada de la Argentina en Venezuela, luego de que la fiscal\u00eda emiti\u00f3 \u00f3rdenes de captura en su contra por conspiraci\u00f3n.<\/p>\n\n\n\n<p><strong>&#8220;Nosotros hemos dado los salvoconductos para los seis venezolanos que est\u00e1n all\u00ed. Se est\u00e1 esperando que la Argentina se los lleve a Buenos Aires&#8221;,&nbsp;<\/strong>comunic\u00f3 la fuente oficial.<\/p>\n\n\n\n<p>Seg\u00fan inform\u00f3 la agencia de noticias Reuters, a\u00f1adi\u00f3:&nbsp;<strong>&#8220;El Gobierno venezolano de manera extraordinaria les permiti\u00f3 abandonar el pa\u00eds por razones humanitarias&#8221;.<\/strong><\/p>\n\n\n\n<p>El funcionario indic\u00f3 que los venezolanos que est\u00e1n refugiados en&nbsp;<strong>la embajada de la Argentina en Caracas<\/strong>&nbsp;a\u00fan tienen una causa judicial por conspiraci\u00f3n.&nbsp;<\/p>\n\n\n\n<p><strong>No ofreci\u00f3 detalles de cu\u00e1ndo podr\u00edan salir de la sede diplom\u00e1tica.<\/strong><\/p>\n\n\n\n<p><strong>El fiscal general de Venezuela, Tarek Saab<\/strong>, inform\u00f3 en marzo que dos personas cercanas a Machado hab\u00edan sido arrestadas, mientras que otros siete miembros de su equipo ten\u00edan \u00f3rdenes de aprehensi\u00f3n.&nbsp;<\/p>\n\n\n\n<p>Entre los asesores que est\u00e1&nbsp;<strong>Magalli Meda,<\/strong>&nbsp;considerada la mano derecha de Machado.<\/p>\n\n\n\n<p><strong>Machado<\/strong>, quien gan\u00f3 las primarias opositoras en octubre, no se puede postular a las elecciones presidenciales del 28 de julio porque tiene una inhabilitaci\u00f3n para ocupar cargos p\u00fablicos.&nbsp;<\/p>\n","protected":false},"excerpt":{"rendered":"<p>Ya tienen los salvoconductos para trasladarse. El gobierno de\u00a0Venezuela\u00a0otorg\u00f3 salvaconductos a seis colaboradores de la l\u00edder opositora\u00a0Mar\u00eda Corina Machado\u00a0para que viajen a la Argentina, anunci\u00f3 una fuente del Gobierno. En&hellip; <\/p>\n","protected":false},"author":4,"featured_media":138715,"comment_status":"closed","ping_status":"open","sticky":false,"template":"","format":"standard","meta":{"footnotes":""},"categories":[11],"tags":[],"class_list":["post-138714","post","type-post","status-publish","format-standard","has-post-thumbnail","hentry","category-internacionales"],"_links":{"self":[{"href":"https:\/\/corrientesdetarde.com\/index.php\/wp-json\/wp\/v2\/posts\/138714","targetHints":{"allow":["GET"]}}],"collection":[{"href":"https:\/\/corrientesdetarde.com\/index.php\/wp-json\/wp\/v2\/posts"}],"about":[{"href":"https:\/\/corrientesdetarde.com\/index.php\/wp-json\/wp\/v2\/types\/post"}],"author":[{"embeddable":true,"href":"https:\/\/corrientesdetarde.com\/index.php\/wp-json\/wp\/v2\/users\/4"}],"replies":[{"embeddable":true,"href":"https:\/\/corrientesdetarde.com\/index.php\/wp-json\/wp\/v2\/comments?post=138714"}],"version-history":[{"count":1,"href":"https:\/\/corrientesdetarde.com\/index.php\/wp-json\/wp\/v2\/posts\/138714\/revisions"}],"predecessor-version":[{"id":138716,"href":"https:\/\/corrientesdetarde.com\/index.php\/wp-json\/wp\/v2\/posts\/138714\/revisions\/138716"}],"wp:featuredmedia":[{"embeddable":true,"href":"https:\/\/corrientesdetarde.com\/index.php\/wp-json\/wp\/v2\/media\/138715"}],"wp:attachment":[{"href":"https:\/\/corrientesdetarde.com\/index.php\/wp-json\/wp\/v2\/media?parent=138714"}],"wp:term":[{"taxonomy":"category","embeddable":true,"href":"https:\/\/corrientesdetarde.com\/index.php\/wp-json\/wp\/v2\/categories?post=138714"},{"taxonomy":"post_tag","embeddable":true,"href":"https:\/\/corrientesdetarde.com\/index.php\/wp-json\/wp\/v2\/tags?post=138714"}],"curies":[{"name":"wp","href":"https:\/\/api.w.org\/{rel}","templated":true}]}}