{"id":138717,"date":"2024-04-08T20:47:16","date_gmt":"2024-04-08T23:47:16","guid":{"rendered":"https:\/\/corrientesdetarde.com\/?p=138717"},"modified":"2024-04-08T20:47:19","modified_gmt":"2024-04-08T23:47:19","slug":"el-vaticano-se-opone-a-los-cambios-de-sexo-y-a-la-teoria-de-genero-en-un-nuevo-documento","status":"publish","type":"post","link":"https:\/\/corrientesdetarde.com\/index.php\/internacionales\/el-vaticano-se-opone-a-los-cambios-de-sexo-y-a-la-teoria-de-genero-en-un-nuevo-documento\/","title":{"rendered":"El Vaticano se opone a los cambios de sexo y a la teor\u00eda de g\u00e9nero en un nuevo documento"},"content":{"rendered":"\n<p>La Santa Sede reafirm\u00f3 tambi\u00e9n su postura acerca de la maternidad subrogada, as\u00ed como al aborto y la eutanasia.<\/p>\n\n\n\n<p>El\u00a0<strong>Vaticano\u00a0<\/strong>reafirm\u00f3 este lunes su\u00a0<strong>oposici\u00f3n a los cambios de sexo, la teor\u00eda de g\u00e9nero y la maternidad subrogada, as\u00ed como al aborto y la eutanasia,\u00a0<\/strong>cuatro meses despu\u00e9s de\u00a0apoyar la bendici\u00f3n de parejas del mismo sexo.<\/p>\n\n\n\n<p>La oficina doctrinal del&nbsp;<strong>Vaticano&nbsp;<\/strong>(DDF) public\u00f3 la declaraci\u00f3n &#8220;Dignitas infinita&#8221; (Dignidad infinita) tras la feroz oposici\u00f3n conservadora, especialmente en \u00c1frica, a su documento sobre cuestiones LGBT+.<\/p>\n\n\n\n<p>&nbsp;No hay indicios de que el&nbsp;<strong>nuevo texto<\/strong>, que describe lo que la Iglesia percibe como amenazas a la dignidad humana, se haya preparado como respuesta directa a las disputas sobre las bendiciones a personas del mismo sexo, ya que lleva cinco a\u00f1os elabor\u00e1ndose.<\/p>\n\n\n\n<p>&nbsp;Sin embargo,<strong>&nbsp;fue objeto de numerosas revisiones,<\/strong>&nbsp;seg\u00fan remarc\u00f3 la agencia de noticias Reuters.<\/p>\n\n\n\n<p>El<strong>&nbsp;papa Francisco<\/strong>&nbsp;la aprob\u00f3 tras pedir que tambi\u00e9n mencionara &#8220;la pobreza, la situaci\u00f3n de los inmigrantes, la violencia contra las mujeres, la trata de seres humanos, la guerra y otros temas&#8221;, comunic\u00f3 el jefe de la DDF, cardenal V\u00edctor Manuel Fern\u00e1ndez.<\/p>\n\n\n\n<p>La&nbsp;<strong>declaraci\u00f3n<\/strong>&nbsp;se\u00f1ala que la maternidad subrogada viola la dignidad tanto de la madre subrogada como del ni\u00f1o, y recuerda que Francisco en enero la calific\u00f3 de &#8220;despreciable&#8221; e inst\u00f3 a una prohibici\u00f3n mundial.<\/p>\n\n\n\n<p>Sobre la&nbsp;<strong>teor\u00eda de g\u00e9nero,<\/strong>&nbsp;la declaraci\u00f3n dec\u00eda que &#8220;desear una autodeterminaci\u00f3n personal, como prescribe la teor\u00eda de g\u00e9nero, al margen de esta verdad fundamental de que la vida humana es un don, equivale a una concesi\u00f3n a la vieja tentaci\u00f3n de hacerse Dios, entrando en competencia con el verdadero Dios del amor que nos revela el Evangelio&#8221;.<\/p>\n\n\n\n<p>La&nbsp;<strong>teor\u00eda de g\u00e9nero<\/strong>, a menudo denominada ideolog\u00eda de g\u00e9nero por sus detractores, sugiere que el g\u00e9nero es m\u00e1s complejo y fluido que las categor\u00edas binarias de masculino y femenino, y depende de algo m\u00e1s que de las caracter\u00edsticas sexuales visibles.<\/p>\n\n\n\n<p>En cuanto a los&nbsp;<strong>cambios de sexo,<\/strong>&nbsp;la declaraci\u00f3n afirma que &#8220;cualquier intervenci\u00f3n de cambio de sexo, por regla general, corre el riesgo de amenazar la dignidad \u00fanica que la persona ha recibido desde el momento de la concepci\u00f3n&#8221;.<\/p>\n\n\n\n<p>Reconoc\u00eda que algunas personas pueden someterse a intervenciones quir\u00fargicas para resolver&nbsp;<strong>&#8220;anomal\u00edas genitales&#8221;,&nbsp;<\/strong>pero subrayaba que &#8220;un procedimiento m\u00e9dico de este tipo no constituir\u00eda un cambio de sexo en el sentido que aqu\u00ed se pretende&#8221;.<\/p>\n\n\n\n<p>Al mismo tiempo, el texto tambi\u00e9n denunciaba como contrario a la dignidad humana el hecho de que &#8220;en algunos lugares, no pocas personas son encarceladas, torturadas e incluso privadas del bien de la vida \u00fanicamente a causa de su orientaci\u00f3n sexual&#8221;.<\/p>\n\n\n\n<p>Por otra parte, la&nbsp;<strong>declaraci\u00f3n<\/strong>&nbsp;reitera la condena permanente del Vaticano al aborto, la eutanasia y la pena de muerte, citando a Francisco, a sus predecesores Benedicto XVI y Juan Pablo II y documentos anteriores del Vaticano.<\/p>\n\n\n\n<p>Tambi\u00e9n mencion\u00f3 el&nbsp;<strong>abuso sexual&nbsp;<\/strong>como una amenaza a la dignidad humana &#8211; calific\u00e1ndolo de &#8220;generalizado en la sociedad&#8221;, incluso dentro de la Iglesia Cat\u00f3lica -, as\u00ed como la violencia contra las mujeres, el acoso cibern\u00e9tico y otras formas de abuso en l\u00ednea.&nbsp;<\/p>\n","protected":false},"excerpt":{"rendered":"<p>La Santa Sede reafirm\u00f3 tambi\u00e9n su postura acerca de la maternidad subrogada, as\u00ed como al aborto y la eutanasia. El\u00a0Vaticano\u00a0reafirm\u00f3 este lunes su\u00a0oposici\u00f3n a los cambios de sexo, la teor\u00eda&hellip; <\/p>\n","protected":false},"author":4,"featured_media":138718,"comment_status":"closed","ping_status":"open","sticky":false,"template":"","format":"standard","meta":{"footnotes":""},"categories":[11],"tags":[],"class_list":["post-138717","post","type-post","status-publish","format-standard","has-post-thumbnail","hentry","category-internacionales"],"_links":{"self":[{"href":"https:\/\/corrientesdetarde.com\/index.php\/wp-json\/wp\/v2\/posts\/138717","targetHints":{"allow":["GET"]}}],"collection":[{"href":"https:\/\/corrientesdetarde.com\/index.php\/wp-json\/wp\/v2\/posts"}],"about":[{"href":"https:\/\/corrientesdetarde.com\/index.php\/wp-json\/wp\/v2\/types\/post"}],"author":[{"embeddable":true,"href":"https:\/\/corrientesdetarde.com\/index.php\/wp-json\/wp\/v2\/users\/4"}],"replies":[{"embeddable":true,"href":"https:\/\/corrientesdetarde.com\/index.php\/wp-json\/wp\/v2\/comments?post=138717"}],"version-history":[{"count":1,"href":"https:\/\/corrientesdetarde.com\/index.php\/wp-json\/wp\/v2\/posts\/138717\/revisions"}],"predecessor-version":[{"id":138719,"href":"https:\/\/corrientesdetarde.com\/index.php\/wp-json\/wp\/v2\/posts\/138717\/revisions\/138719"}],"wp:featuredmedia":[{"embeddable":true,"href":"https:\/\/corrientesdetarde.com\/index.php\/wp-json\/wp\/v2\/media\/138718"}],"wp:attachment":[{"href":"https:\/\/corrientesdetarde.com\/index.php\/wp-json\/wp\/v2\/media?parent=138717"}],"wp:term":[{"taxonomy":"category","embeddable":true,"href":"https:\/\/corrientesdetarde.com\/index.php\/wp-json\/wp\/v2\/categories?post=138717"},{"taxonomy":"post_tag","embeddable":true,"href":"https:\/\/corrientesdetarde.com\/index.php\/wp-json\/wp\/v2\/tags?post=138717"}],"curies":[{"name":"wp","href":"https:\/\/api.w.org\/{rel}","templated":true}]}}