{"id":138720,"date":"2024-04-08T20:57:42","date_gmt":"2024-04-08T23:57:42","guid":{"rendered":"https:\/\/corrientesdetarde.com\/?p=138720"},"modified":"2024-04-08T20:57:53","modified_gmt":"2024-04-08T23:57:53","slug":"imagenes-de-dron-muestran-una-gaza-destrozada-tras-la-guerra","status":"publish","type":"post","link":"https:\/\/corrientesdetarde.com\/index.php\/internacionales\/imagenes-de-dron-muestran-una-gaza-destrozada-tras-la-guerra\/","title":{"rendered":"Im\u00e1genes de dron muestran una Gaza destrozada tras la guerra"},"content":{"rendered":"\n<p>En d\u00edas normales, los palestinos pod\u00edan asomarse a los balcones de\u00a0sus edificios y contemplar el mar Mediterr\u00e1neo.<\/p>\n\n\n\n<p>Las im\u00e1genes de\u00a0<strong>Gaza<\/strong>\u00a0tomadas por drones\u00a0durante los seis meses de guerra entre<strong>\u00a0Israel y Ham\u00e1s\u00a0<\/strong>muestran c\u00f3mo el otrora vibrante enclave palestino se transform\u00f3 en un vasto terreno de escombros y acero retorcido a causa de los bombardeos israel\u00edes.<\/p>\n\n\n\n<p>En d\u00edas normales, los<strong>&nbsp;palestinos<\/strong>&nbsp;pod\u00edan asomarse a los balcones de&nbsp;sus edificios y contemplar el mar Mediterr\u00e1neo.<\/p>\n\n\n\n<p><strong>Esas estructuras desaparecieron,&nbsp;<\/strong>como muestran las im\u00e1genes de la agencia de noticias Reuters y otras fuentes, convertidas en montones de cemento y&nbsp;<br>escombros.<\/p>\n\n\n\n<p>Los residentes se vieron obligados a vagar por&nbsp;<strong>Gaza&nbsp;<\/strong>buscando refugio de una ofensiva que Israel dice est\u00e1 dise\u00f1ada para destruir a su archienemigo Ham\u00e1s.<\/p>\n\n\n\n<p><strong>El primer ministro israel\u00ed, Benjamin Netanyahu<\/strong>, afirm\u00f3 que la campa\u00f1a no se detendr\u00e1 hasta que Ham\u00e1s sea eliminado, por lo que se espera que contin\u00faen los bombardeos y la destrucci\u00f3n.<\/p>\n\n\n\n<p><strong>Las im\u00e1genes mostraban c\u00f3mo viv\u00edan los palestinos en d\u00edas m\u00e1s tranquilos en la Franja de Gaza<\/strong>, una de las zonas m\u00e1s densamente pobladas del planeta.<\/p>\n\n\n\n<p>Los&nbsp;<strong>palestinos&nbsp;<\/strong>conduc\u00edan sus coches por una calle tranquila con altos \u00e1rboles que separaban el tr\u00e1nsito hasta donde alcanzaba la vista.<\/p>\n\n\n\n<p><strong>Im\u00e1genes tomadas m\u00e1s tarde muestran una calle cercana con un edificio derruido tras otro.&nbsp;<\/strong><\/p>\n\n\n\n<p>Se pod\u00eda ver a&nbsp;<strong>una persona caminando entre los restos de cemento de una ciudad fantasma.<\/strong><\/p>\n\n\n\n<p>Mientras que los&nbsp;<strong>palestinos&nbsp;<\/strong>soportan los bombardeos e intentan hacer frente a una crisis humanitaria, recuerdan algunos de los lugares que aparecen en las im\u00e1genes de Reuters, como un apacible callej\u00f3n por el que un adolescente circula a toda velocidad en bicicleta.<\/p>\n\n\n\n<p><strong>Las im\u00e1genes tambi\u00e9n mostraban una mezquita blanca con un patio verde con vistas al mar.<\/strong><\/p>\n\n\n\n<p><strong>Pero transcurridos seis meses<\/strong>, las im\u00e1genes mostrar\u00e1n muchas mezquitas destruidas en Gaza.<\/p>\n\n\n\n<p><strong>En otra parte de Gaza, los autom\u00f3viles se abren paso a trav\u00e9s de una rotonda en im\u00e1genes anteriores a la guerra&nbsp;<\/strong>pero ahora apenas se ven rastros de ella. &nbsp; &nbsp; &nbsp; &nbsp; &nbsp; &nbsp; &nbsp;&nbsp;<\/p>\n","protected":false},"excerpt":{"rendered":"<p>En d\u00edas normales, los palestinos pod\u00edan asomarse a los balcones de\u00a0sus edificios y contemplar el mar Mediterr\u00e1neo. Las im\u00e1genes de\u00a0Gaza\u00a0tomadas por drones\u00a0durante los seis meses de guerra entre\u00a0Israel y Ham\u00e1s\u00a0muestran&hellip; <\/p>\n","protected":false},"author":4,"featured_media":138721,"comment_status":"closed","ping_status":"open","sticky":false,"template":"","format":"standard","meta":{"footnotes":""},"categories":[11],"tags":[],"class_list":["post-138720","post","type-post","status-publish","format-standard","has-post-thumbnail","hentry","category-internacionales"],"_links":{"self":[{"href":"https:\/\/corrientesdetarde.com\/index.php\/wp-json\/wp\/v2\/posts\/138720","targetHints":{"allow":["GET"]}}],"collection":[{"href":"https:\/\/corrientesdetarde.com\/index.php\/wp-json\/wp\/v2\/posts"}],"about":[{"href":"https:\/\/corrientesdetarde.com\/index.php\/wp-json\/wp\/v2\/types\/post"}],"author":[{"embeddable":true,"href":"https:\/\/corrientesdetarde.com\/index.php\/wp-json\/wp\/v2\/users\/4"}],"replies":[{"embeddable":true,"href":"https:\/\/corrientesdetarde.com\/index.php\/wp-json\/wp\/v2\/comments?post=138720"}],"version-history":[{"count":1,"href":"https:\/\/corrientesdetarde.com\/index.php\/wp-json\/wp\/v2\/posts\/138720\/revisions"}],"predecessor-version":[{"id":138722,"href":"https:\/\/corrientesdetarde.com\/index.php\/wp-json\/wp\/v2\/posts\/138720\/revisions\/138722"}],"wp:featuredmedia":[{"embeddable":true,"href":"https:\/\/corrientesdetarde.com\/index.php\/wp-json\/wp\/v2\/media\/138721"}],"wp:attachment":[{"href":"https:\/\/corrientesdetarde.com\/index.php\/wp-json\/wp\/v2\/media?parent=138720"}],"wp:term":[{"taxonomy":"category","embeddable":true,"href":"https:\/\/corrientesdetarde.com\/index.php\/wp-json\/wp\/v2\/categories?post=138720"},{"taxonomy":"post_tag","embeddable":true,"href":"https:\/\/corrientesdetarde.com\/index.php\/wp-json\/wp\/v2\/tags?post=138720"}],"curies":[{"name":"wp","href":"https:\/\/api.w.org\/{rel}","templated":true}]}}