{"id":138723,"date":"2024-04-08T21:03:27","date_gmt":"2024-04-09T00:03:27","guid":{"rendered":"https:\/\/corrientesdetarde.com\/?p=138723"},"modified":"2024-04-08T21:03:30","modified_gmt":"2024-04-09T00:03:30","slug":"uno-de-los-jugadores-de-velez-acusado-de-abuso-sexual-recibio-otra-denuncia-similar","status":"publish","type":"post","link":"https:\/\/corrientesdetarde.com\/index.php\/deportes\/uno-de-los-jugadores-de-velez-acusado-de-abuso-sexual-recibio-otra-denuncia-similar\/","title":{"rendered":"Uno de los jugadores de V\u00e9lez acusado de abuso sexual recibi\u00f3 otra denuncia similar"},"content":{"rendered":"\n<p>Se trata de Braian Cufr\u00e9, denunciado por una joven en Buenos Aires por un abuso sexual cometido en 2017 en el que tambi\u00e9n acus\u00f3 a Alvarenga, un ex V\u00e9lez.<\/p>\n\n\n\n<p><strong>Braian Cufr\u00e9<\/strong>, el jugador de V\u00e9lez que se encuentra detenido en Tucum\u00e1n tas ser&nbsp;<strong>denunciado por abuso sexual<\/strong>&nbsp;junto a otros futbolistas del club de Liniers,&nbsp;<strong>recibi\u00f3 ahora una denuncia de otra joven por el mismo delito cometido en 2017.<\/strong><\/p>\n\n\n\n<p><strong>La denuncia fue presentada la semana pasada por una joven de 25 a\u00f1os<\/strong>&nbsp;en una comisar\u00eda del barrio porte\u00f1o de Palermo y qued\u00f3 a cargo de un juzgado en lo penal de Capital Federal y, en la misma presentaci\u00f3n, acus\u00f3 tambi\u00e9n por abuso sexual a Fabricio Oscar Alvarenga.&nbsp;<\/p>\n\n\n\n<p>Seg\u00fan fuentes judiciales consultadas, la joven ten\u00eda una relaci\u00f3n sentimental con Cufr\u00e9, quien en 2017 le propuso hacer un tr\u00edo sexual con Alvarenga a lo que ella se hab\u00eda negado.<\/p>\n\n\n\n<p>Pero un d\u00eda determinado, la joven fue a la casa de Cufr\u00e9 y all\u00ed habr\u00eda sido abusada sexualmente tal cual indica en la denuncia hecha.&nbsp;<\/p>\n\n\n\n<p>Mientras tanto, Cufr\u00e9 al igual que Abiel Osorio y Jos\u00e9 Florent\u00edn est\u00e1n con arresto domiciliario y tobillera electr\u00f3nica al ser acusados por un abuso sexual cometido en Tucum\u00e1n, cuando estaban concentrados en un hotel de la provincia tras disputar un partido frente a Atl\u00e9tico. La situaci\u00f3n podr\u00eda mantenerse hasta el juicio oral y p\u00fablico el cual a\u00fan no tiene fecha.&nbsp;<\/p>\n\n\n\n<p>En el caso, la jueza Eliana G\u00f3mez Moreira&nbsp;rechaz\u00f3&nbsp;el recurso de impugnaci\u00f3n presentado por los abogados defensores de los tres futbolistas.&nbsp;Florent\u00edn y Cufr\u00e9, fueron imputados por abuso sexual con acceso carnal, agravado por dos o m\u00e1s personas, mientras que Osorio, es acusado de abuso sexual simple.<\/p>\n\n\n\n<p>Por su parte, Sebasti\u00e1n Sosa, quien est\u00e1 imputado como part\u00edcipe secundario,&nbsp; esperar\u00e1 el veredicto en libertad condicional, con la obligaci\u00f3n de presentarse cada 15 d\u00edas en Tucum\u00e1n y no podr\u00e1&nbsp;salir del pa\u00eds por 90 d\u00edas.<\/p>\n\n\n\n<p>Seg\u00fan la denuncia hecha en Tucum\u00e1n por una joven de 24 a\u00f1os, ella fue contactada por Sosa y, cuando fue a la habitaci\u00f3n del hotel en el que estaban concentrados, fue abusada sexualmente a principios de marzo.<\/p>\n","protected":false},"excerpt":{"rendered":"<p>Se trata de Braian Cufr\u00e9, denunciado por una joven en Buenos Aires por un abuso sexual cometido en 2017 en el que tambi\u00e9n acus\u00f3 a Alvarenga, un ex V\u00e9lez. Braian&hellip; <\/p>\n","protected":false},"author":4,"featured_media":138724,"comment_status":"closed","ping_status":"open","sticky":false,"template":"","format":"standard","meta":{"footnotes":""},"categories":[4],"tags":[],"class_list":["post-138723","post","type-post","status-publish","format-standard","has-post-thumbnail","hentry","category-deportes"],"_links":{"self":[{"href":"https:\/\/corrientesdetarde.com\/index.php\/wp-json\/wp\/v2\/posts\/138723","targetHints":{"allow":["GET"]}}],"collection":[{"href":"https:\/\/corrientesdetarde.com\/index.php\/wp-json\/wp\/v2\/posts"}],"about":[{"href":"https:\/\/corrientesdetarde.com\/index.php\/wp-json\/wp\/v2\/types\/post"}],"author":[{"embeddable":true,"href":"https:\/\/corrientesdetarde.com\/index.php\/wp-json\/wp\/v2\/users\/4"}],"replies":[{"embeddable":true,"href":"https:\/\/corrientesdetarde.com\/index.php\/wp-json\/wp\/v2\/comments?post=138723"}],"version-history":[{"count":1,"href":"https:\/\/corrientesdetarde.com\/index.php\/wp-json\/wp\/v2\/posts\/138723\/revisions"}],"predecessor-version":[{"id":138725,"href":"https:\/\/corrientesdetarde.com\/index.php\/wp-json\/wp\/v2\/posts\/138723\/revisions\/138725"}],"wp:featuredmedia":[{"embeddable":true,"href":"https:\/\/corrientesdetarde.com\/index.php\/wp-json\/wp\/v2\/media\/138724"}],"wp:attachment":[{"href":"https:\/\/corrientesdetarde.com\/index.php\/wp-json\/wp\/v2\/media?parent=138723"}],"wp:term":[{"taxonomy":"category","embeddable":true,"href":"https:\/\/corrientesdetarde.com\/index.php\/wp-json\/wp\/v2\/categories?post=138723"},{"taxonomy":"post_tag","embeddable":true,"href":"https:\/\/corrientesdetarde.com\/index.php\/wp-json\/wp\/v2\/tags?post=138723"}],"curies":[{"name":"wp","href":"https:\/\/api.w.org\/{rel}","templated":true}]}}