{"id":138726,"date":"2024-04-08T21:07:14","date_gmt":"2024-04-09T00:07:14","guid":{"rendered":"https:\/\/corrientesdetarde.com\/?p=138726"},"modified":"2024-04-08T21:07:26","modified_gmt":"2024-04-09T00:07:26","slug":"el-contundente-respaldo-de-borja-a-demichelis-tenemos-que-estar-juntos-y-apoyar-al-entrenador","status":"publish","type":"post","link":"https:\/\/corrientesdetarde.com\/index.php\/deportes\/el-contundente-respaldo-de-borja-a-demichelis-tenemos-que-estar-juntos-y-apoyar-al-entrenador\/","title":{"rendered":"El contundente respaldo de Borja a Demichelis: &#8220;Tenemos que estar juntos y apoyar al entrenador&#8221;"},"content":{"rendered":"\n<p>&#8220;Los de los otros equipos quieren que el plantel est\u00e9 roto y nosotros no podemos darles el gusto&#8221;, remarc\u00f3 el colombiano.<\/p>\n\n\n\n<p>El delantero colombiano&nbsp;<strong>Miguel Borja<\/strong>, autor de un doblete en la victoria de River ante Rosario Central, volvi\u00f3 a respaldar de forma contundente al entrenador&nbsp;<strong>Mart\u00edn Demichelis<\/strong>&nbsp;luego de abrazarlo en el festejo de uno de sus goles.<\/p>\n\n\n\n<p><strong>\u201cLe dije que lo iba a abrazar porque tenemos una linda relaci\u00f3n que cada d\u00eda se fortalece m\u00e1s. Quiero aprovechar para decirle a la gente que nos apoye a nosotros y al cuerpo t\u00e9cnico&#8221;<\/strong>, expres\u00f3 Borja luego del triunfo por 2 a 1 que le permite al &#8220;Millonario&#8221; depender de s\u00ed mismo de cara a la \u00faltima fecha de la fase inicial de la Copa de la Liga.<\/p>\n\n\n\n<p>Y a\u00f1adi\u00f3:<strong>&nbsp;&#8220;Los de los otros equipos quieren que el plantel est\u00e9 roto y nosotros no podemos darles el gusto. Tenemos que estar juntos y apoyar al entrenador. No hay que darles de comer. El grupo est\u00e1 excelente\u201d.<\/strong><\/p>\n\n\n\n<p>Antes, Borja hab\u00eda remarcado que sus goles fueron por &#8220;la confianza del entrenador&#8221;:&nbsp;<strong>&#8220;Me dec\u00eda que no saliera del \u00e1rea, que me quedara que me iba a llegar la pelota. Me gustar\u00eda salir, tocarla, pero son decisiones del t\u00e9cnico y lo tengo que respetar. Lo he escuchado y es el resultado de lo que \u00e9l me dijo&#8221;.<\/strong><\/p>\n\n\n\n<p><strong>\u201cLe insist\u00ed porque a veces no le llegaba la pelota, le ped\u00ed que tuviera paciencia que s\u00ed \u00edbamos a llegar, que no se moviera del \u00e1rea. \u00c9l ah\u00ed es letal. Me alegro mucho por \u00e9l y que haya vuelto al gol\u201d<\/strong>, explic\u00f3 Demichelis.&nbsp;<\/p>\n","protected":false},"excerpt":{"rendered":"<p>&#8220;Los de los otros equipos quieren que el plantel est\u00e9 roto y nosotros no podemos darles el gusto&#8221;, remarc\u00f3 el colombiano. El delantero colombiano&nbsp;Miguel Borja, autor de un doblete en&hellip; <\/p>\n","protected":false},"author":4,"featured_media":138727,"comment_status":"closed","ping_status":"open","sticky":false,"template":"","format":"standard","meta":{"footnotes":""},"categories":[4],"tags":[],"class_list":["post-138726","post","type-post","status-publish","format-standard","has-post-thumbnail","hentry","category-deportes"],"_links":{"self":[{"href":"https:\/\/corrientesdetarde.com\/index.php\/wp-json\/wp\/v2\/posts\/138726","targetHints":{"allow":["GET"]}}],"collection":[{"href":"https:\/\/corrientesdetarde.com\/index.php\/wp-json\/wp\/v2\/posts"}],"about":[{"href":"https:\/\/corrientesdetarde.com\/index.php\/wp-json\/wp\/v2\/types\/post"}],"author":[{"embeddable":true,"href":"https:\/\/corrientesdetarde.com\/index.php\/wp-json\/wp\/v2\/users\/4"}],"replies":[{"embeddable":true,"href":"https:\/\/corrientesdetarde.com\/index.php\/wp-json\/wp\/v2\/comments?post=138726"}],"version-history":[{"count":1,"href":"https:\/\/corrientesdetarde.com\/index.php\/wp-json\/wp\/v2\/posts\/138726\/revisions"}],"predecessor-version":[{"id":138728,"href":"https:\/\/corrientesdetarde.com\/index.php\/wp-json\/wp\/v2\/posts\/138726\/revisions\/138728"}],"wp:featuredmedia":[{"embeddable":true,"href":"https:\/\/corrientesdetarde.com\/index.php\/wp-json\/wp\/v2\/media\/138727"}],"wp:attachment":[{"href":"https:\/\/corrientesdetarde.com\/index.php\/wp-json\/wp\/v2\/media?parent=138726"}],"wp:term":[{"taxonomy":"category","embeddable":true,"href":"https:\/\/corrientesdetarde.com\/index.php\/wp-json\/wp\/v2\/categories?post=138726"},{"taxonomy":"post_tag","embeddable":true,"href":"https:\/\/corrientesdetarde.com\/index.php\/wp-json\/wp\/v2\/tags?post=138726"}],"curies":[{"name":"wp","href":"https:\/\/api.w.org\/{rel}","templated":true}]}}