{"id":138731,"date":"2024-04-08T21:09:43","date_gmt":"2024-04-09T00:09:43","guid":{"rendered":"https:\/\/corrientesdetarde.com\/?p=138731"},"modified":"2024-04-08T21:09:45","modified_gmt":"2024-04-09T00:09:45","slug":"un-campeon-del-mundo-no-renovaria-en-europa-y-podria-volver-al-futbol-argentino","status":"publish","type":"post","link":"https:\/\/corrientesdetarde.com\/index.php\/deportes\/un-campeon-del-mundo-no-renovaria-en-europa-y-podria-volver-al-futbol-argentino\/","title":{"rendered":"Un campe\u00f3n del mundo no renovar\u00eda en Europa y podr\u00eda volver al f\u00fatbol argentino"},"content":{"rendered":"\n<p>El futbolista ya inici\u00f3 contactos con un grande del pa\u00eds para sumarse en el pr\u00f3ximo mercado de pases.<\/p>\n\n\n\n<p><strong>El defensor de la Selecci\u00f3n argentina Gonzalo Montiel, no renovar\u00eda su pr\u00e9stamo con el Nottingham Forest de Inglaterra&nbsp;<\/strong>y ya<strong>&nbsp;inici\u00f3 contactos con River &nbsp;para tener su segundo ciclo en el club&nbsp;<\/strong>que lo vio nacer.&nbsp;<\/p>\n\n\n\n<p>El oriundo de Gonz\u00e1lez Cat\u00e1n no est\u00e1 pasando su mejor momento en el f\u00fatbol ingl\u00e9s, ya que<strong>&nbsp;no est\u00e1 teniendo rodaje&nbsp;<\/strong>en el dos veces campe\u00f3n de Europa,<strong>&nbsp;solo jug\u00f3 15 de 38 posibles hasta el momento<\/strong>&nbsp;y&nbsp;<strong>el club no renovar\u00eda su pr\u00e9stamo haciendo que el lateral derecho de 27 a\u00f1os retorne al Sevilla de Espa\u00f1a&nbsp;<\/strong>que adquiri\u00f3 sus servicios en 2021 por 7 millones de euros.&nbsp;<\/p>\n\n\n\n<p>En tanto,&nbsp;<strong>tampoco tendr\u00eda lugar en el equipo andaluz y no forma parte de las \u00faltimas convocatorias de la Selecci\u00f3n&nbsp;<\/strong>argentina, por lo cual Montiel&nbsp;<strong>inici\u00f3 contactos con River para volver en el pr\u00f3ximo mercado de pases.<\/strong><\/p>\n\n\n\n<p>El encargado de convertir el penal con el que Argentina le gan\u00f3 a Francia la final de la Copa del Mundo de Qatar 2022 y se consagr\u00f3 campe\u00f3n,&nbsp;<strong>debut\u00f3 en el equipo de N\u00fa\u00f1ez en &nbsp;2016 y disput\u00f3 140 partidos marcando 6 goles y conquistando 8 t\u00edtulos<\/strong>, entre ellos, la Copa Libertadores 2018 ante Boca en el estadio Santiago Bernab\u00e9u de Madrid.&nbsp;<\/p>\n","protected":false},"excerpt":{"rendered":"<p>El futbolista ya inici\u00f3 contactos con un grande del pa\u00eds para sumarse en el pr\u00f3ximo mercado de pases. El defensor de la Selecci\u00f3n argentina Gonzalo Montiel, no renovar\u00eda su pr\u00e9stamo&hellip; <\/p>\n","protected":false},"author":4,"featured_media":138732,"comment_status":"closed","ping_status":"open","sticky":false,"template":"","format":"standard","meta":{"footnotes":""},"categories":[4],"tags":[],"class_list":["post-138731","post","type-post","status-publish","format-standard","has-post-thumbnail","hentry","category-deportes"],"_links":{"self":[{"href":"https:\/\/corrientesdetarde.com\/index.php\/wp-json\/wp\/v2\/posts\/138731","targetHints":{"allow":["GET"]}}],"collection":[{"href":"https:\/\/corrientesdetarde.com\/index.php\/wp-json\/wp\/v2\/posts"}],"about":[{"href":"https:\/\/corrientesdetarde.com\/index.php\/wp-json\/wp\/v2\/types\/post"}],"author":[{"embeddable":true,"href":"https:\/\/corrientesdetarde.com\/index.php\/wp-json\/wp\/v2\/users\/4"}],"replies":[{"embeddable":true,"href":"https:\/\/corrientesdetarde.com\/index.php\/wp-json\/wp\/v2\/comments?post=138731"}],"version-history":[{"count":1,"href":"https:\/\/corrientesdetarde.com\/index.php\/wp-json\/wp\/v2\/posts\/138731\/revisions"}],"predecessor-version":[{"id":138733,"href":"https:\/\/corrientesdetarde.com\/index.php\/wp-json\/wp\/v2\/posts\/138731\/revisions\/138733"}],"wp:featuredmedia":[{"embeddable":true,"href":"https:\/\/corrientesdetarde.com\/index.php\/wp-json\/wp\/v2\/media\/138732"}],"wp:attachment":[{"href":"https:\/\/corrientesdetarde.com\/index.php\/wp-json\/wp\/v2\/media?parent=138731"}],"wp:term":[{"taxonomy":"category","embeddable":true,"href":"https:\/\/corrientesdetarde.com\/index.php\/wp-json\/wp\/v2\/categories?post=138731"},{"taxonomy":"post_tag","embeddable":true,"href":"https:\/\/corrientesdetarde.com\/index.php\/wp-json\/wp\/v2\/tags?post=138731"}],"curies":[{"name":"wp","href":"https:\/\/api.w.org\/{rel}","templated":true}]}}