{"id":138734,"date":"2024-04-08T21:13:50","date_gmt":"2024-04-09T00:13:50","guid":{"rendered":"https:\/\/corrientesdetarde.com\/?p=138734"},"modified":"2024-04-08T21:13:54","modified_gmt":"2024-04-09T00:13:54","slug":"fecha-confirmada-cuando-se-reanudara-el-estudiantes-boca-de-la-undecima-fecha","status":"publish","type":"post","link":"https:\/\/corrientesdetarde.com\/index.php\/deportes\/fecha-confirmada-cuando-se-reanudara-el-estudiantes-boca-de-la-undecima-fecha\/","title":{"rendered":"Fecha confirmada: cu\u00e1ndo se reanudar\u00e1 el Estudiantes-Boca de la und\u00e9cima fecha"},"content":{"rendered":"\n<p>El partido se suspendi\u00f3 el pasado 17 de marzo, a los 17 minutos del primer tiempo, por la descompensaci\u00f3n del chileno Javier Altamirnao.<\/p>\n\n\n\n<p>La organizaci\u00f3n de la Copa de la Liga confirm\u00f3 este lunes que\u00a0<strong>el partido pendiente entre Estudiantes de La Plata y Boca<\/strong>, suspendido a los 17 minutos del primer tiempo por\u00a0la descompensaci\u00f3n del chileno Javier Altamirano,\u00a0<strong>se jugar\u00e1 el viernes 12 de abril a las 20.<\/strong><\/p>\n\n\n\n<p>La organizaci\u00f3n del certamen defini\u00f3 que el encuentro correspondiente a la und\u00e9cima fecha del Grupo B se reanude en el estadio Jorge Luis Hirschi en esa fecha, en medio de un&nbsp;<strong>calendario ajustado con el inicio de la participaci\u00f3n argentina en las competiciones internacionales y de la definici\u00f3n de los clasificados a los playoffs&nbsp;<\/strong>de la Copa de la Liga.<\/p>\n\n\n\n<p>Justamente, esta reanudaci\u00f3n en la cancha de Estudiantes ser\u00e1<strong>&nbsp;trascendental de cara a la definici\u00f3n de los clasificados<\/strong>&nbsp;a la pr\u00f3xima fase que tendr\u00e1 lugar el lunes para el Grupo A y el martes para el B.&nbsp;<strong>Boca, cuarto con 22 puntos, podr\u00eda sellar su pase con una victoria frente al \u201cPincha\u201d que est\u00e1 sexto con 21 unidades<\/strong>, igualado con Racing y Newell\u2019s Old Boys.<\/p>\n\n\n\n<p>Por su parte,&nbsp;<strong>en caso de ganar, Estudiantes de La Plata quedar\u00eda bien parado de cara a la definici\u00f3n del Grupo B ya que llegar\u00eda como segundo&nbsp;<\/strong>con 24 unidades.<\/p>\n\n\n\n<p>En la \u00faltima fecha, el \u201cPincha\u201d visitar\u00e1 a Lan\u00fas en el estadio N\u00e9stor D\u00edaz P\u00e9rez y el \u201cXeneize\u201d recibir\u00e1 a Godoy Cruz de Mendoza que, de ganarle a Sarmiento de Jun\u00edn este lunes, llegar\u00e1 clasificado.<\/p>\n\n\n\n<p>El pasado domingo 17 de marzo, en lo que de antemano parec\u00eda que ser\u00eda un gran espect\u00e1culo entre Estudiantes de La Plata y Boca por la und\u00e9cima fecha del Grupo B de la Copa de la Liga, la fiesta se apag\u00f3 cuando el chileno&nbsp;<strong>Altamirano se descompuso, a causa de una convulsi\u00f3n, a los 17 minutos del primer tiempo.<\/strong><\/p>\n\n\n\n<p>Tras este lamentable episodio que afect\u00f3 notablemente a los jugadores del \u201cPincha\u201d,<strong>&nbsp;los capitanes y directores t\u00e9cnicos de ambos equipos tomaron la determinaci\u00f3n, en conjunto al \u00e1rbitro Fernando Echenique, de suspender el encuentro.&nbsp;<\/strong><\/p>\n","protected":false},"excerpt":{"rendered":"<p>El partido se suspendi\u00f3 el pasado 17 de marzo, a los 17 minutos del primer tiempo, por la descompensaci\u00f3n del chileno Javier Altamirnao. La organizaci\u00f3n de la Copa de la&hellip; <\/p>\n","protected":false},"author":4,"featured_media":138735,"comment_status":"closed","ping_status":"open","sticky":false,"template":"","format":"standard","meta":{"footnotes":""},"categories":[4],"tags":[],"class_list":["post-138734","post","type-post","status-publish","format-standard","has-post-thumbnail","hentry","category-deportes"],"_links":{"self":[{"href":"https:\/\/corrientesdetarde.com\/index.php\/wp-json\/wp\/v2\/posts\/138734","targetHints":{"allow":["GET"]}}],"collection":[{"href":"https:\/\/corrientesdetarde.com\/index.php\/wp-json\/wp\/v2\/posts"}],"about":[{"href":"https:\/\/corrientesdetarde.com\/index.php\/wp-json\/wp\/v2\/types\/post"}],"author":[{"embeddable":true,"href":"https:\/\/corrientesdetarde.com\/index.php\/wp-json\/wp\/v2\/users\/4"}],"replies":[{"embeddable":true,"href":"https:\/\/corrientesdetarde.com\/index.php\/wp-json\/wp\/v2\/comments?post=138734"}],"version-history":[{"count":1,"href":"https:\/\/corrientesdetarde.com\/index.php\/wp-json\/wp\/v2\/posts\/138734\/revisions"}],"predecessor-version":[{"id":138736,"href":"https:\/\/corrientesdetarde.com\/index.php\/wp-json\/wp\/v2\/posts\/138734\/revisions\/138736"}],"wp:featuredmedia":[{"embeddable":true,"href":"https:\/\/corrientesdetarde.com\/index.php\/wp-json\/wp\/v2\/media\/138735"}],"wp:attachment":[{"href":"https:\/\/corrientesdetarde.com\/index.php\/wp-json\/wp\/v2\/media?parent=138734"}],"wp:term":[{"taxonomy":"category","embeddable":true,"href":"https:\/\/corrientesdetarde.com\/index.php\/wp-json\/wp\/v2\/categories?post=138734"},{"taxonomy":"post_tag","embeddable":true,"href":"https:\/\/corrientesdetarde.com\/index.php\/wp-json\/wp\/v2\/tags?post=138734"}],"curies":[{"name":"wp","href":"https:\/\/api.w.org\/{rel}","templated":true}]}}