{"id":138737,"date":"2024-04-08T21:22:14","date_gmt":"2024-04-09T00:22:14","guid":{"rendered":"https:\/\/corrientesdetarde.com\/?p=138737"},"modified":"2024-04-08T21:22:25","modified_gmt":"2024-04-09T00:22:25","slug":"en-la-daia-villarruel-reclamo-por-la-liberacion-de-secuestrados-por-hamas-y-aseguro-que-el-feminismo-esta-cooptado","status":"publish","type":"post","link":"https:\/\/corrientesdetarde.com\/index.php\/politica\/en-la-daia-villarruel-reclamo-por-la-liberacion-de-secuestrados-por-hamas-y-aseguro-que-el-feminismo-esta-cooptado\/","title":{"rendered":"En la DAIA, Villarruel reclam\u00f3 por la liberaci\u00f3n de secuestrados por Ham\u00e1s y asegur\u00f3 que el &#8220;feminismo est\u00e1 cooptado&#8221;"},"content":{"rendered":"\n<p>As\u00ed lo expres\u00f3 durante una exposici\u00f3n en organizada por la Delegaci\u00f3n de Asociaciones Israelitas Argentinas, a ra\u00edz del D\u00eda Internacional de la Mujer.<\/p>\n\n\n\n<p>La vicepresidenta\u00a0<strong>Victoria Villarruel<\/strong>\u00a0particip\u00f3 de un evento organizado por la<strong>\u00a0Delegaci\u00f3n de Asociaciones Israelitas Argentinas<\/strong>\u00a0(DAIA) y pidi\u00f3 por la liberaci\u00f3n de los secuestrados por Ham\u00e1s y apunt\u00f3 contra el doble est\u00e1ndar en materia de Derechos Humanos.\u00a0<\/p>\n\n\n\n<p>\u201c<strong>El Gobierno argentino s\u00ed reclama por esas personas que est\u00e1n pasando hambre, que est\u00e1n secuestradas, que est\u00e1n dolidas<\/strong>\u201d, lanz\u00f3 Villarruel en el encuentro que ten\u00eda como objetivo conmemorar el D\u00eda Internacional de la Mujer, a un mes de su fecha oficial.&nbsp;<\/p>\n\n\n\n<p>En esa l\u00ednea, la vice agreg\u00f3: \u201cLas mujeres y los hombres somos iguales, pero en el mundo depende de c\u00f3mo pens\u00e1s\u2026 Depende de lo que crees, de qu\u00e9 trabaj\u00e1s, de tu situaci\u00f3n econ\u00f3mica o social para que puedas ser defendido por el inmenso lobby de los Derechos Humanos&#8221;.&nbsp;<\/p>\n\n\n\n<p>Para Villarruel, el D\u00eda de la Mujer est\u00e1 &#8220;<strong>cooptado<\/strong>&#8221; no solo en la Argentina, sino tambi\u00e9n en el mundo. &#8220;El feminismo no nos reconoce. No nos representa a las mujeres en su completitud. Las mujeres no pensamos igual&#8221;, agreg\u00f3.&nbsp;<\/p>\n\n\n\n<p>La abogada fue la principal oradora del encuentro. Fue recibida por el presidente de la DAIA, Jorge Knoblovits, y con gran presencia de mujeres en el lugar.&nbsp;<\/p>\n","protected":false},"excerpt":{"rendered":"<p>As\u00ed lo expres\u00f3 durante una exposici\u00f3n en organizada por la Delegaci\u00f3n de Asociaciones Israelitas Argentinas, a ra\u00edz del D\u00eda Internacional de la Mujer. La vicepresidenta\u00a0Victoria Villarruel\u00a0particip\u00f3 de un evento organizado&hellip; <\/p>\n","protected":false},"author":4,"featured_media":138738,"comment_status":"closed","ping_status":"open","sticky":false,"template":"","format":"standard","meta":{"footnotes":""},"categories":[3],"tags":[],"class_list":["post-138737","post","type-post","status-publish","format-standard","has-post-thumbnail","hentry","category-politica"],"_links":{"self":[{"href":"https:\/\/corrientesdetarde.com\/index.php\/wp-json\/wp\/v2\/posts\/138737","targetHints":{"allow":["GET"]}}],"collection":[{"href":"https:\/\/corrientesdetarde.com\/index.php\/wp-json\/wp\/v2\/posts"}],"about":[{"href":"https:\/\/corrientesdetarde.com\/index.php\/wp-json\/wp\/v2\/types\/post"}],"author":[{"embeddable":true,"href":"https:\/\/corrientesdetarde.com\/index.php\/wp-json\/wp\/v2\/users\/4"}],"replies":[{"embeddable":true,"href":"https:\/\/corrientesdetarde.com\/index.php\/wp-json\/wp\/v2\/comments?post=138737"}],"version-history":[{"count":1,"href":"https:\/\/corrientesdetarde.com\/index.php\/wp-json\/wp\/v2\/posts\/138737\/revisions"}],"predecessor-version":[{"id":138739,"href":"https:\/\/corrientesdetarde.com\/index.php\/wp-json\/wp\/v2\/posts\/138737\/revisions\/138739"}],"wp:featuredmedia":[{"embeddable":true,"href":"https:\/\/corrientesdetarde.com\/index.php\/wp-json\/wp\/v2\/media\/138738"}],"wp:attachment":[{"href":"https:\/\/corrientesdetarde.com\/index.php\/wp-json\/wp\/v2\/media?parent=138737"}],"wp:term":[{"taxonomy":"category","embeddable":true,"href":"https:\/\/corrientesdetarde.com\/index.php\/wp-json\/wp\/v2\/categories?post=138737"},{"taxonomy":"post_tag","embeddable":true,"href":"https:\/\/corrientesdetarde.com\/index.php\/wp-json\/wp\/v2\/tags?post=138737"}],"curies":[{"name":"wp","href":"https:\/\/api.w.org\/{rel}","templated":true}]}}