{"id":138740,"date":"2024-04-08T21:23:59","date_gmt":"2024-04-09T00:23:59","guid":{"rendered":"https:\/\/corrientesdetarde.com\/?p=138740"},"modified":"2024-04-08T21:24:03","modified_gmt":"2024-04-09T00:24:03","slug":"soy-el-segundo-presidente-con-mejor-imagen-del-mundo-aseguro-milei","status":"publish","type":"post","link":"https:\/\/corrientesdetarde.com\/index.php\/politica\/soy-el-segundo-presidente-con-mejor-imagen-del-mundo-aseguro-milei\/","title":{"rendered":"&#8220;Soy el segundo presidente con mejor imagen del mundo&#8221;, asegur\u00f3 Milei"},"content":{"rendered":"\n<p>El Presidente destac\u00f3 los niveles de simpat\u00eda que genera su gesti\u00f3n y dijo que la palabra que representa a la sociedad es &#8220;esperanza&#8221;.<\/p>\n\n\n\n<p>El presidente\u00a0<strong>Javier Milei<\/strong>\u00a0asegur\u00f3 que es el &#8220;segundo&#8221; mandatario &#8220;con mejor imagen del mundo&#8221;, al tiempo que se\u00f1al\u00f3 que\u00a0<strong>&#8220;la palabra m\u00e1s representativa de los argentinos es esperanza&#8221;.<\/strong><\/p>\n\n\n\n<p><strong>&#8220;La aprobaci\u00f3n de la gesti\u00f3n supera lo negativo y mi imagen est\u00e1 en los mismos niveles de cuando asum\u00ed. Soy el segundo presidente con mejor imagen del mundo, ese es el marco de lo que estamos viendo&#8221;,&nbsp;<\/strong>resalt\u00f3 el mandatario nacional.<\/p>\n\n\n\n<p>En declaraciones a&nbsp;<em>Neura<\/em>, el Presidente festej\u00f3:&nbsp;<strong>&#8220;Hoy perforamos los 1200 puntos de riesgo pa\u00eds&#8221;.<\/strong><\/p>\n\n\n\n<p>&#8220;El 75% de los argentinos entiende que estamos peor, es importante saberlo. Ahora cuando nosotros asumimos,&nbsp;<strong>solo el 20 por ciento cre\u00eda que en los pr\u00f3ximos 6 meses \u00edbamos a estar mejor, en enero salt\u00f3 a 30, en febrero a 40, y hoy es de 50 por ciento&#8221;<\/strong>, enfatiz\u00f3 Milei.<\/p>\n\n\n\n<p><strong>&#8220;Hoy la mitad de los argentinos cree que de ac\u00e1 a seis meses estamos mejor,<\/strong>&nbsp;no solo eso, tienen raz\u00f3n&#8221;, sostuvo el jefe de Estado, y dijo que bajar\u00e1 la inflaci\u00f3n porque en el gobierno &#8220;trabajamos como enanos&#8221;.<\/p>\n\n\n\n<p>Al ser consultado sobre si ten\u00eda dudas en que podr\u00e1 bajar la inflaci\u00f3n, sostuvo:&nbsp;<strong>&#8220;El 70% de los argentinos no tienen dudas. Yo no, ni en pedo, no tengo ninguna duda&#8221;.<\/strong><\/p>\n\n\n\n<p>El Presidente, en otro orden, se\u00f1al\u00f3 que la oposici\u00f3n y el gobierno anterior quer\u00edan que se fuera del poder en enero.<\/p>\n\n\n\n<p>\u201cNo s\u00f3lo hay que ir hasta ah\u00ed esquivando piedras en el camino, si no que adem\u00e1s ten\u00e9s tipos peg\u00e1ndote. La primera apuesta fue que no lleg\u00e1bamos a enero.<strong>&nbsp;El gobierno anterior dej\u00f3 todo para que no lleg\u00e1ramos a enero<\/strong>. \u00bfVos te crees que est\u00e1s hablando con gente normal? Toda la posici\u00f3n de Leliqs las pasaron a pases y estaba a un d\u00eda. Me pod\u00edan cuadruplicar la bases monetaria en un d\u00eda. Cuando llegamos damos un diagn\u00f3stico tremendamente crudo el d\u00eda que asumimos, que fue un domingo por suerte, y ah\u00ed determinamos las bases de lo que hab\u00eda que hacer.&nbsp;<strong>Era gente que apostaba a que nos cay\u00e9ramos. No es un juego para ni\u00f1os, para ingenuos\u201d,<\/strong>&nbsp;evalu\u00f3.<\/p>\n\n\n\n<p>En una extensa entrevista con Alejandro Fantino, Milei expres\u00f3: &#8220;Un tipo anal\u00f3gico te dice que a Milei lo vot\u00f3 la gente por bronca.&nbsp;<strong>En el fondo es tratarnos como un error. Si creen eso, mejor para m\u00ed porque no me ven venir.&nbsp;<\/strong>Tienen un problema de resistencia al cambio. Est\u00e1n formateados con un modelo, no aceptan que es un error y se aferran en decir que eso es un error. Los economistas se enojan con la realidad y lo llaman fallo de mercado, en lugar de entender que cambi\u00f3 el modelo&#8221;.<\/p>\n\n\n\n<p><strong>\u201c\u00bfSabes quien tom\u00f3 la decisi\u00f3n de que el tipo de cambio no lo pongamos en 600 que era lo que dec\u00edan los economistas? Lo puse yo. Cuando hablo con Toto (Luis Caputo) le dije \u2018ponelo en 800\u2032.<\/strong>&nbsp;Hay un motivo. El impuesto PAIS mapeaba con lo que ten\u00e9s en el mercado, entonces eso lo que hac\u00eda era achicarme el exceso de demanda de divisas, para que cuando hiciera el ajuste el impacto sobre el empleo sea peor, que podr\u00eda haber sido peor. Hacemos esa correcci\u00f3n y nos paramos arriba de la cantidad de dinero. Al mismo tiempo empezamos a sanear el balance del Banco Central\u201d, agreg\u00f3.<\/p>\n\n\n\n<p>En otro orden,&nbsp;<strong>volvi\u00f3 a decir que para \u00e9l &#8220;el estado es una organizaci\u00f3n criminal&#8221;.<\/strong><\/p>\n\n\n\n<p>Adem\u00e1s, sostuvo que&nbsp;<strong>&#8220;no van a cobrar un aumento m\u00e1s los senadores y diputados&#8221;<\/strong>, pero aclar\u00f3: &#8220;En lo que a m\u00ed depende, no se va a hacer, lo que pase en Diputados le vas a preguntar a Mart\u00edn (Menem) y lo que pase en el Senado le vas a preguntar a Victoria (Villarruel)&#8221;.<\/p>\n","protected":false},"excerpt":{"rendered":"<p>El Presidente destac\u00f3 los niveles de simpat\u00eda que genera su gesti\u00f3n y dijo que la palabra que representa a la sociedad es &#8220;esperanza&#8221;. El presidente\u00a0Javier Milei\u00a0asegur\u00f3 que es el &#8220;segundo&#8221;&hellip; <\/p>\n","protected":false},"author":4,"featured_media":138741,"comment_status":"closed","ping_status":"open","sticky":false,"template":"","format":"standard","meta":{"footnotes":""},"categories":[3],"tags":[],"class_list":["post-138740","post","type-post","status-publish","format-standard","has-post-thumbnail","hentry","category-politica"],"_links":{"self":[{"href":"https:\/\/corrientesdetarde.com\/index.php\/wp-json\/wp\/v2\/posts\/138740","targetHints":{"allow":["GET"]}}],"collection":[{"href":"https:\/\/corrientesdetarde.com\/index.php\/wp-json\/wp\/v2\/posts"}],"about":[{"href":"https:\/\/corrientesdetarde.com\/index.php\/wp-json\/wp\/v2\/types\/post"}],"author":[{"embeddable":true,"href":"https:\/\/corrientesdetarde.com\/index.php\/wp-json\/wp\/v2\/users\/4"}],"replies":[{"embeddable":true,"href":"https:\/\/corrientesdetarde.com\/index.php\/wp-json\/wp\/v2\/comments?post=138740"}],"version-history":[{"count":1,"href":"https:\/\/corrientesdetarde.com\/index.php\/wp-json\/wp\/v2\/posts\/138740\/revisions"}],"predecessor-version":[{"id":138742,"href":"https:\/\/corrientesdetarde.com\/index.php\/wp-json\/wp\/v2\/posts\/138740\/revisions\/138742"}],"wp:featuredmedia":[{"embeddable":true,"href":"https:\/\/corrientesdetarde.com\/index.php\/wp-json\/wp\/v2\/media\/138741"}],"wp:attachment":[{"href":"https:\/\/corrientesdetarde.com\/index.php\/wp-json\/wp\/v2\/media?parent=138740"}],"wp:term":[{"taxonomy":"category","embeddable":true,"href":"https:\/\/corrientesdetarde.com\/index.php\/wp-json\/wp\/v2\/categories?post=138740"},{"taxonomy":"post_tag","embeddable":true,"href":"https:\/\/corrientesdetarde.com\/index.php\/wp-json\/wp\/v2\/tags?post=138740"}],"curies":[{"name":"wp","href":"https:\/\/api.w.org\/{rel}","templated":true}]}}