{"id":138747,"date":"2024-04-08T21:48:22","date_gmt":"2024-04-09T00:48:22","guid":{"rendered":"https:\/\/corrientesdetarde.com\/?p=138747"},"modified":"2024-04-08T21:48:25","modified_gmt":"2024-04-09T00:48:25","slug":"causa-vialidad-nuevo-reves-para-cristina-kirchner-contra-el-tribunal-que-revisa-su-condena","status":"publish","type":"post","link":"https:\/\/corrientesdetarde.com\/index.php\/politica\/causa-vialidad-nuevo-reves-para-cristina-kirchner-contra-el-tribunal-que-revisa-su-condena\/","title":{"rendered":"Causa Vialidad: nuevo rev\u00e9s para Cristina Kirchner contra el tribunal que revisa su condena"},"content":{"rendered":"\n<p>Le rechazaron las recusaciones contra el juez Barroetave\u00f1a y el fiscal Villar.<\/p>\n\n\n\n<p>La C\u00e1mara Federal de Casaci\u00f3n rechaz\u00f3 un planteo de la ex presidenta<strong>, Cristina Fern\u00e1ndez de Kirchner,&nbsp;<\/strong>contra uno de los jueces y el fiscal que deben revisar su condena a seis a\u00f1os de prisi\u00f3n en&nbsp;<strong>la Causa Vialidad.<\/strong><\/p>\n\n\n\n<p>El m\u00e1ximo tribunal penal, con una formaci\u00f3n integrada por el juez&nbsp;<strong>Diego Barroetave\u00f1a, rechaz\u00f3 una recusaci\u00f3n<\/strong>&nbsp;planteada por la ex presidente justamente contra el juez Barroetave\u00f1a.<\/p>\n\n\n\n<p>Cristina Kirchner tambi\u00e9n recus\u00f3 al fiscal general Mario Villar, quien pidi\u00f3 que se duplique la condena en su contra, de seis a 12 a\u00f1os de c\u00e1rcel.<\/p>\n\n\n\n<p>Los jueces&nbsp;<strong>Gustavo Hornos, Mariano Borinsky y el propio Barroetave\u00f1a<\/strong>&nbsp;rechazaron la recusaci\u00f3n planteada por el abogado defensor de la ex presidenta, Alberto Beraldi, contra Barroetave\u00f1a y el fiscal Villar.<\/p>\n\n\n\n<p>El fallo explica que el fiscal&nbsp;<strong>Villar tambi\u00e9n dictamin\u00f3 en contra de la recusaci\u00f3n contra s\u00ed mismo.<\/strong><\/p>\n\n\n\n<p>\u201cDe conformidad con lo dictaminado por el Ministerio P\u00fablico Fiscal y o\u00edda que fue la&nbsp;<strong>Unidad de Informaci\u00f3n Financiera (UIF),<\/strong>&nbsp;querellante en autos, el recurso intentado debe ser declarado inadmisible\u201d, sostiene el fallo.<\/p>\n\n\n\n<p>Cristina Kirchner aspiraba que la recusaci\u00f3n fuera revisada por&nbsp;<strong>la Corte Suprema<\/strong>, como \u00faltima instancia judicial ante su planteo.<\/p>\n\n\n\n<p>La inadmisiblidad del recurso le cierra la v\u00eda directa, pero le queda a\u00fan la posibilidad de apelar a un recurso de&nbsp;<strong>\u201cqueja\u201d<\/strong>, de muy improbable \u00e9xito para los intereses de la ex vicepresidenta.<\/p>\n","protected":false},"excerpt":{"rendered":"<p>Le rechazaron las recusaciones contra el juez Barroetave\u00f1a y el fiscal Villar. La C\u00e1mara Federal de Casaci\u00f3n rechaz\u00f3 un planteo de la ex presidenta, Cristina Fern\u00e1ndez de Kirchner,&nbsp;contra uno de&hellip; <\/p>\n","protected":false},"author":4,"featured_media":138748,"comment_status":"closed","ping_status":"open","sticky":false,"template":"","format":"standard","meta":{"footnotes":""},"categories":[3],"tags":[],"class_list":["post-138747","post","type-post","status-publish","format-standard","has-post-thumbnail","hentry","category-politica"],"_links":{"self":[{"href":"https:\/\/corrientesdetarde.com\/index.php\/wp-json\/wp\/v2\/posts\/138747","targetHints":{"allow":["GET"]}}],"collection":[{"href":"https:\/\/corrientesdetarde.com\/index.php\/wp-json\/wp\/v2\/posts"}],"about":[{"href":"https:\/\/corrientesdetarde.com\/index.php\/wp-json\/wp\/v2\/types\/post"}],"author":[{"embeddable":true,"href":"https:\/\/corrientesdetarde.com\/index.php\/wp-json\/wp\/v2\/users\/4"}],"replies":[{"embeddable":true,"href":"https:\/\/corrientesdetarde.com\/index.php\/wp-json\/wp\/v2\/comments?post=138747"}],"version-history":[{"count":1,"href":"https:\/\/corrientesdetarde.com\/index.php\/wp-json\/wp\/v2\/posts\/138747\/revisions"}],"predecessor-version":[{"id":138749,"href":"https:\/\/corrientesdetarde.com\/index.php\/wp-json\/wp\/v2\/posts\/138747\/revisions\/138749"}],"wp:featuredmedia":[{"embeddable":true,"href":"https:\/\/corrientesdetarde.com\/index.php\/wp-json\/wp\/v2\/media\/138748"}],"wp:attachment":[{"href":"https:\/\/corrientesdetarde.com\/index.php\/wp-json\/wp\/v2\/media?parent=138747"}],"wp:term":[{"taxonomy":"category","embeddable":true,"href":"https:\/\/corrientesdetarde.com\/index.php\/wp-json\/wp\/v2\/categories?post=138747"},{"taxonomy":"post_tag","embeddable":true,"href":"https:\/\/corrientesdetarde.com\/index.php\/wp-json\/wp\/v2\/tags?post=138747"}],"curies":[{"name":"wp","href":"https:\/\/api.w.org\/{rel}","templated":true}]}}