{"id":138750,"date":"2024-04-08T22:26:22","date_gmt":"2024-04-09T01:26:22","guid":{"rendered":"https:\/\/corrientesdetarde.com\/?p=138750"},"modified":"2024-04-08T22:26:34","modified_gmt":"2024-04-09T01:26:34","slug":"llego-la-primera-carga-de-repelentes-desde-mexico-pero-su-comercializacion-fue-prohibida","status":"publish","type":"post","link":"https:\/\/corrientesdetarde.com\/index.php\/actualidad\/llego-la-primera-carga-de-repelentes-desde-mexico-pero-su-comercializacion-fue-prohibida\/","title":{"rendered":"Lleg\u00f3 la primera carga de repelentes desde M\u00e9xico, pero su comercializaci\u00f3n fue prohibida"},"content":{"rendered":"\n<p>Se trata de 22.320 unidades que fueron donados a Caritas. Se trata del primer cargamento tras el acuerdo del Gobierno nacional para importar.<\/p>\n\n\n\n<p><strong>M\u00e1s de 22 mil unidades de repelentes, cuya comercializaci\u00f3n se encuentra prohibida, lleg\u00f3 al Aeropuerto de Ezeiza procedente de M\u00e9xico en calidad de donaci\u00f3n<\/strong>, en el marco de la epidemia de dengue que ya alcanz\u00f3 esta temporada los 230 mil casos y provoc\u00f3 la muerte de 161 personas.<\/p>\n\n\n\n<p>Se tratan de\u00a0<strong>22.320 unidades que arribaron en varios lotes y que fueron donados a Caritas<\/strong>\u00a0despu\u00e9s del\u00a0acuerdo del Gobierno nacional para importar y as\u00ed aumentar la oferta y demanda ante el faltante de repelentes.<\/p>\n\n\n\n<figure class=\"wp-block-image size-full\"><img loading=\"lazy\" decoding=\"async\" width=\"779\" height=\"471\" src=\"https:\/\/corrientesdetarde.com\/wp-content\/uploads\/2024\/04\/image-145.png\" alt=\"\" class=\"wp-image-138751\" srcset=\"https:\/\/corrientesdetarde.com\/wp-content\/uploads\/2024\/04\/image-145.png 779w, https:\/\/corrientesdetarde.com\/wp-content\/uploads\/2024\/04\/image-145-300x181.png 300w, https:\/\/corrientesdetarde.com\/wp-content\/uploads\/2024\/04\/image-145-768x464.png 768w\" sizes=\"auto, (max-width: 779px) 100vw, 779px\" \/><\/figure>\n\n\n\n<p>Seg\u00fan pudo saber&nbsp;<em>Noticias Argentinas<\/em>, son de la<strong>&nbsp;marca comercial \u201cOff Family\u201d del Laboratorio Johnson&amp;Johnson<\/strong>&nbsp;quienes, ante el aumento de reclamos por falta de productos en las g\u00f3ndolas, inform\u00f3 que<strong>&nbsp;ingresar\u00edan al pa\u00eds lotes desde M\u00e9xico y Polonia.<\/strong><\/p>\n\n\n\n<p>Pese a que&nbsp;<strong>en abril se espera que el pico hist\u00f3rico de casos y muertes por dengue en la Argentina disminuya<\/strong>, el Gobierno anunci\u00f3 que durante 30 d\u00edas se abre la importaci\u00f3n por lo que se&nbsp;relajan los controles aduaneros de repelentes e insumos necesarios.&nbsp;<\/p>\n\n\n\n<p>En las \u00faltimas horas el Ministerio de Salud comparti\u00f3 una nueva actualizaci\u00f3n del Bolet\u00edn Epidemiol\u00f3gico en el que dio a conocer un n\u00famero desalentador en torno al brote.<\/p>\n\n\n\n<p>Se contabilizaron \u201c<strong>232.996 casos de dengue<\/strong><strong>&nbsp;<\/strong>(90% aut\u00f3ctonos, 7% en investigaci\u00f3n y 3% importados), de los cuales 215.885 se registraron desde la semana 1 a la semana 13 de 2024\u2033.<\/p>\n\n\n\n<p>Asimismo, las autoridades confirmaron que son 161 los fallecidos y que el dengue circula&nbsp;en&nbsp;<strong>19 jurisdicciones<\/strong><strong>&nbsp;<\/strong>de las 5 regiones del pa\u00eds.<\/p>\n\n\n\n<p>Frente a esta suba de casos sin procedentes,<strong>&nbsp;se denunciaron faltante de repelentes en las g\u00f3ndolas de supermercados y farmacias.<\/strong><\/p>\n\n\n\n<p>Sin tener una respuesta clara sobre las empresas que fabrican el producto en la Argentina, se decidi\u00f3 abrir la importaci\u00f3n por un mes.\u00a0<\/p>\n\n\n\n<p>Seg\u00fan inform\u00f3 C\u00e1ritas Argentina, SC Johnson contact\u00f3 a sus responsables para organizar la distribuci\u00f3n, sin comercializacion, de alrededor de 50.000 repelentes para insectos marca Off en distintos puntos del territorio nacional.<\/p>\n\n\n\n<p><strong>\u201cEn el d\u00eda de la fecha lleg\u00f3 al pa\u00eds el primer cargamento de 10 pallets (22.000 unidades aproximadamente) que ser\u00e1n distribuidos seg\u00fan la prioridad que se estableci\u00f3 en conjunto en Rosario, Santa Fe, Salta, Tucum\u00e1n, Santiago del Estero, Cafayate, Humahuaca, Jujuy, Or\u00e1n y A\u00f1atuya a trav\u00e9s de los equipos territoriales de C\u00e1ritas\u201d<\/strong>, expres\u00f3 C\u00e1ritas mediante un comunicado.<\/p>\n\n\n\n<p>Mientras en abril se espera que el pico hist\u00f3rico de casos y muertes por dengue en la Argentina disminuya, el Gobierno anunci\u00f3 que durante 30 d\u00edas se abre la importaci\u00f3n y se relajan los controles aduaneros de repelentes e insumos necesarios.<\/p>\n\n\n\n<p>Se les exceptuar\u00e1 el cobro del Impuesto al Valor Agregado (20%) y la retenci\u00f3n del Impuesto a las Ganancias (6%). D\u00edas atr\u00e1s, la Administraci\u00f3n Nacional de Medicamentos, Alimentos y Tecnolog\u00eda M\u00e9dica (Anmat) decidi\u00f3 exceptuar \u201csu intervenci\u00f3n necesaria para la importaci\u00f3n de repelentes de mosquitos durante 30 d\u00edas \u201cdado el contexto epidemiol\u00f3gico actual y el consecuente incremento en la demanda\u201d.<\/p>\n","protected":false},"excerpt":{"rendered":"<p>Se trata de 22.320 unidades que fueron donados a Caritas. Se trata del primer cargamento tras el acuerdo del Gobierno nacional para importar. M\u00e1s de 22 mil unidades de repelentes,&hellip; <\/p>\n","protected":false},"author":4,"featured_media":138752,"comment_status":"closed","ping_status":"open","sticky":false,"template":"","format":"standard","meta":{"footnotes":""},"categories":[23],"tags":[],"class_list":["post-138750","post","type-post","status-publish","format-standard","has-post-thumbnail","hentry","category-actualidad"],"_links":{"self":[{"href":"https:\/\/corrientesdetarde.com\/index.php\/wp-json\/wp\/v2\/posts\/138750","targetHints":{"allow":["GET"]}}],"collection":[{"href":"https:\/\/corrientesdetarde.com\/index.php\/wp-json\/wp\/v2\/posts"}],"about":[{"href":"https:\/\/corrientesdetarde.com\/index.php\/wp-json\/wp\/v2\/types\/post"}],"author":[{"embeddable":true,"href":"https:\/\/corrientesdetarde.com\/index.php\/wp-json\/wp\/v2\/users\/4"}],"replies":[{"embeddable":true,"href":"https:\/\/corrientesdetarde.com\/index.php\/wp-json\/wp\/v2\/comments?post=138750"}],"version-history":[{"count":1,"href":"https:\/\/corrientesdetarde.com\/index.php\/wp-json\/wp\/v2\/posts\/138750\/revisions"}],"predecessor-version":[{"id":138753,"href":"https:\/\/corrientesdetarde.com\/index.php\/wp-json\/wp\/v2\/posts\/138750\/revisions\/138753"}],"wp:featuredmedia":[{"embeddable":true,"href":"https:\/\/corrientesdetarde.com\/index.php\/wp-json\/wp\/v2\/media\/138752"}],"wp:attachment":[{"href":"https:\/\/corrientesdetarde.com\/index.php\/wp-json\/wp\/v2\/media?parent=138750"}],"wp:term":[{"taxonomy":"category","embeddable":true,"href":"https:\/\/corrientesdetarde.com\/index.php\/wp-json\/wp\/v2\/categories?post=138750"},{"taxonomy":"post_tag","embeddable":true,"href":"https:\/\/corrientesdetarde.com\/index.php\/wp-json\/wp\/v2\/tags?post=138750"}],"curies":[{"name":"wp","href":"https:\/\/api.w.org\/{rel}","templated":true}]}}