{"id":138757,"date":"2024-04-08T22:53:26","date_gmt":"2024-04-09T01:53:26","guid":{"rendered":"https:\/\/corrientesdetarde.com\/?p=138757"},"modified":"2024-04-08T22:53:30","modified_gmt":"2024-04-09T01:53:30","slug":"milei-se-despego-de-benegas-lynch-es-una-frase-absolutamente-desafortunada","status":"publish","type":"post","link":"https:\/\/corrientesdetarde.com\/index.php\/politica\/milei-se-despego-de-benegas-lynch-es-una-frase-absolutamente-desafortunada\/","title":{"rendered":"Milei se despeg\u00f3 de Benegas Lynch: &#8220;Es una frase absolutamente desafortunada&#8221;"},"content":{"rendered":"\n<p>El Presidente se diferenci\u00f3 del diputado de La Libertad Avanza que aval\u00f3 el trabajo infantil.<\/p>\n\n\n\n<p>El presidente\u00a0<strong>Javier Milei se despeg\u00f3 de los dichos\u00a0<\/strong>del diputado de La Libertad Avanza\u00a0<strong>Alberto Benegas Lynch<\/strong>\u00a0quien\u00a0aval\u00f3 el trabajo infantil, y asegur\u00f3 que su frase fue &#8220;absolutamente desafortunada&#8221;.<\/p>\n\n\n\n<p><strong>&#8220;Una frase absolutamente desafortunada&#8221;,<\/strong>&nbsp;subray\u00f3 el mandatario nacional, aunque cuestion\u00f3 a la prensa y dijo que &#8220;adem\u00e1s, fue&nbsp;<strong>sacada de contexto&#8221;.<\/strong><\/p>\n\n\n\n<p>En declaraciones a&nbsp;<em>Neura<\/em>, Milei sostuvo que&nbsp;<strong>&#8220;es un error de Bertie de ir a ese lugar&#8221;&nbsp;<\/strong>a dar una nota con la periodista Romina Manguel en&nbsp;<em>FM Milenium<\/em>, a quien acus\u00f3 de querer &#8220;destruir&#8221; a su espacio pol\u00edtico.<\/p>\n\n\n\n<p><strong>\u201cHay periodistas que juegan para destruir,&nbsp;<\/strong>no ten\u00e9s que ir a darle notas a esos tipos, porque no les interesa lo que pens\u00e1s, les interesa hacerte una zancadilla\u201d, consider\u00f3 Milei, y continu\u00f3: &nbsp;&nbsp;<strong>\u201cEso los orcos lo entienden bien, pero los liberales no, porque somos libres pensadores\u201d. &nbsp; &nbsp;<\/strong><\/p>\n\n\n\n<p><strong>\u201cYo no creo en la obligatoriedad de la educaci\u00f3n\u201d,<\/strong>&nbsp;sostuvo el diputado libertario. En ese sentido, complet\u00f3:&nbsp;<strong>\u201cLa libertad tambi\u00e9n es que si no quer\u00e9s mandar a tu hijo al colegio porque lo necesit\u00e1s en el taller, puedas hacerlo\u201d.<\/strong><\/p>\n\n\n\n<p>Tras los dichos de Benegas Lynch, el gobierno sali\u00f3 a despegarse y, adem\u00e1s de Milei, tambi\u00e9n cuestionaron esa postura el Ministerio de Capital Humano, que lidera Sandra Pettovello, y el vocero presidencial, Manuel Adorni.<\/p>\n","protected":false},"excerpt":{"rendered":"<p>El Presidente se diferenci\u00f3 del diputado de La Libertad Avanza que aval\u00f3 el trabajo infantil. El presidente\u00a0Javier Milei se despeg\u00f3 de los dichos\u00a0del diputado de La Libertad Avanza\u00a0Alberto Benegas Lynch\u00a0quien\u00a0aval\u00f3&hellip; <\/p>\n","protected":false},"author":4,"featured_media":138759,"comment_status":"closed","ping_status":"open","sticky":false,"template":"","format":"standard","meta":{"footnotes":""},"categories":[3],"tags":[],"class_list":["post-138757","post","type-post","status-publish","format-standard","has-post-thumbnail","hentry","category-politica"],"_links":{"self":[{"href":"https:\/\/corrientesdetarde.com\/index.php\/wp-json\/wp\/v2\/posts\/138757","targetHints":{"allow":["GET"]}}],"collection":[{"href":"https:\/\/corrientesdetarde.com\/index.php\/wp-json\/wp\/v2\/posts"}],"about":[{"href":"https:\/\/corrientesdetarde.com\/index.php\/wp-json\/wp\/v2\/types\/post"}],"author":[{"embeddable":true,"href":"https:\/\/corrientesdetarde.com\/index.php\/wp-json\/wp\/v2\/users\/4"}],"replies":[{"embeddable":true,"href":"https:\/\/corrientesdetarde.com\/index.php\/wp-json\/wp\/v2\/comments?post=138757"}],"version-history":[{"count":1,"href":"https:\/\/corrientesdetarde.com\/index.php\/wp-json\/wp\/v2\/posts\/138757\/revisions"}],"predecessor-version":[{"id":138760,"href":"https:\/\/corrientesdetarde.com\/index.php\/wp-json\/wp\/v2\/posts\/138757\/revisions\/138760"}],"wp:featuredmedia":[{"embeddable":true,"href":"https:\/\/corrientesdetarde.com\/index.php\/wp-json\/wp\/v2\/media\/138759"}],"wp:attachment":[{"href":"https:\/\/corrientesdetarde.com\/index.php\/wp-json\/wp\/v2\/media?parent=138757"}],"wp:term":[{"taxonomy":"category","embeddable":true,"href":"https:\/\/corrientesdetarde.com\/index.php\/wp-json\/wp\/v2\/categories?post=138757"},{"taxonomy":"post_tag","embeddable":true,"href":"https:\/\/corrientesdetarde.com\/index.php\/wp-json\/wp\/v2\/tags?post=138757"}],"curies":[{"name":"wp","href":"https:\/\/api.w.org\/{rel}","templated":true}]}}