{"id":138767,"date":"2024-04-08T23:25:27","date_gmt":"2024-04-09T02:25:27","guid":{"rendered":"https:\/\/corrientesdetarde.com\/?p=138767"},"modified":"2024-04-08T23:48:26","modified_gmt":"2024-04-09T02:48:26","slug":"cuidado-ambiental-la-municipalidadofrece-talleres-gratuitos-sobre-compostaje","status":"publish","type":"post","link":"https:\/\/corrientesdetarde.com\/index.php\/actualidad\/cuidado-ambiental-la-municipalidadofrece-talleres-gratuitos-sobre-compostaje\/","title":{"rendered":"Cuidado ambiental: la Municipalidad ofrece talleres gratuitos sobre compostaje"},"content":{"rendered":"\n<p><em>Las capacitaciones se realizar\u00e1n los d\u00edas 10 y 17 de abril en la Casa del Bicentenario. Para inscribirse deben completar un formulario disponible en el siguiente link:\u00a0Bit.ly\/\u00f1andehuerta. El 22 se llevar\u00e1 a cabo el acto de cierre y entrega de certificados en el Vivero Municipal.<\/em><\/p>\n\n\n\n<figure class=\"wp-block-embed is-type-video is-provider-youtube wp-block-embed-youtube wp-embed-aspect-16-9 wp-has-aspect-ratio\"><div class=\"wp-block-embed__wrapper\">\n<iframe loading=\"lazy\" title=\"Cuidado ambiental la Municipalidad ofrece talleres gratuitos sobre compostaje\" width=\"1110\" height=\"624\" src=\"https:\/\/www.youtube.com\/embed\/gZOOcQPHedI?feature=oembed\" frameborder=\"0\" allow=\"accelerometer; autoplay; clipboard-write; encrypted-media; gyroscope; picture-in-picture; web-share\" referrerpolicy=\"strict-origin-when-cross-origin\" allowfullscreen><\/iframe>\n<\/div><\/figure>\n\n\n\n<p><\/p>\n\n\n\n<figure class=\"wp-block-image size-large\"><img loading=\"lazy\" decoding=\"async\" width=\"1024\" height=\"675\" src=\"https:\/\/corrientesdetarde.com\/wp-content\/uploads\/2024\/04\/image-146-1024x675.png\" alt=\"\" class=\"wp-image-138768\" srcset=\"https:\/\/corrientesdetarde.com\/wp-content\/uploads\/2024\/04\/image-146-1024x675.png 1024w, https:\/\/corrientesdetarde.com\/wp-content\/uploads\/2024\/04\/image-146-300x198.png 300w, https:\/\/corrientesdetarde.com\/wp-content\/uploads\/2024\/04\/image-146-768x506.png 768w, https:\/\/corrientesdetarde.com\/wp-content\/uploads\/2024\/04\/image-146.png 1272w\" sizes=\"auto, (max-width: 1024px) 100vw, 1024px\" \/><\/figure>\n\n\n\n<p>Con talleres de capacitaci\u00f3n gratuitos a realizarse en los pr\u00f3ximos d\u00edas en la Casa del Bicentenario, la Municipalidad de Corrientes celebrar\u00e1 el Mes del Compostaje, que se extiende desde el 22 de marzo, D\u00eda del Agua, al 22 de abril, D\u00eda de la Tierra.<br><br>Durante esta fecha se difunde sobre el compostaje como actividad para eliminar el 50% de la basura que se produce, generar tierra y abonos \u00fatiles para las plantas, y concientizar sobre la importancia que representa este accionar para el cuidado ambiental.<\/p>\n\n\n\n<figure class=\"wp-block-image size-large\"><img loading=\"lazy\" decoding=\"async\" width=\"1024\" height=\"680\" src=\"https:\/\/corrientesdetarde.com\/wp-content\/uploads\/2024\/04\/image-147-1024x680.png\" alt=\"\" class=\"wp-image-138769\" srcset=\"https:\/\/corrientesdetarde.com\/wp-content\/uploads\/2024\/04\/image-147-1024x680.png 1024w, https:\/\/corrientesdetarde.com\/wp-content\/uploads\/2024\/04\/image-147-300x199.png 300w, https:\/\/corrientesdetarde.com\/wp-content\/uploads\/2024\/04\/image-147-768x510.png 768w, https:\/\/corrientesdetarde.com\/wp-content\/uploads\/2024\/04\/image-147.png 1258w\" sizes=\"auto, (max-width: 1024px) 100vw, 1024px\" \/><\/figure>\n\n\n\n<p><br><br>El secretario de Ambiente y Desarrollo Sustentable municipal, Ignacio Maldonado, se\u00f1al\u00f3 que \u201cpor tercer a\u00f1o consecutivo vamos a celebrar el Mes del Compostaje con talleres gratuitos que organizamos junto a la Secretar\u00eda de Desarrollo Econ\u00f3mico y la Secretar\u00eda de Salud\u201d.<br><br>\u201cLos talleres se realizar\u00e1n por la ma\u00f1ana en la Casa del Bicentenario y comenzar\u00e1n este mi\u00e9rcoles con la primera jornada de capacitaciones que se tratar\u00e1 sobre el compostaje y sus beneficios, as\u00ed como planificaci\u00f3n y manejo de una huerta agroecol\u00f3gica, para continuar el 17 de abril con los temas: prevenci\u00f3n de plagas y enfermedades en la huerta, a trav\u00e9s de la elaboraci\u00f3n de preparados caseros, y alimentaci\u00f3n saludable\u201d.<\/p>\n\n\n\n<figure class=\"wp-block-image size-large\"><img loading=\"lazy\" decoding=\"async\" width=\"1024\" height=\"682\" src=\"https:\/\/corrientesdetarde.com\/wp-content\/uploads\/2024\/04\/image-148-1024x682.png\" alt=\"\" class=\"wp-image-138770\" srcset=\"https:\/\/corrientesdetarde.com\/wp-content\/uploads\/2024\/04\/image-148-1024x682.png 1024w, https:\/\/corrientesdetarde.com\/wp-content\/uploads\/2024\/04\/image-148-300x200.png 300w, https:\/\/corrientesdetarde.com\/wp-content\/uploads\/2024\/04\/image-148-768x511.png 768w, https:\/\/corrientesdetarde.com\/wp-content\/uploads\/2024\/04\/image-148.png 1260w\" sizes=\"auto, (max-width: 1024px) 100vw, 1024px\" \/><\/figure>\n\n\n\n<p><br><br>El funcionario indic\u00f3 que \u201clos que participen del curso van a recibir certificados por cada uno de los talleres y el cierre final se va a realizar el 22 de abril en el vivero municipal, donde van a poder ver in situ todo el trabajo que venimos realizando en la planta de compostaje y c\u00f3mo utilizamos estos residuos org\u00e1nicos para que vuelvan a la tierra\u201d.<br><br>Aquellos vecinos que quieran participar de los talleres podr\u00e1n completar el formulario de inscripci\u00f3n a trav\u00e9s del link:&nbsp;Bit.ly\/\u00f1andehuerta&nbsp;y las redes sociales de la Municipalidad. Tambi\u00e9n se reciben consultas comunic\u00e1ndose al n\u00famero 3794-265965.<br><br>Maldonado manifest\u00f3 que \u201cel compostaje es una t\u00e9cnica de aprovechamiento de una parte de los residuos que desechamos habitualmente, que son los org\u00e1nicos, los que disponi\u00e9ndolo de una manera adecuada y d\u00e1ndole un tratamiento, ese material se transforma en compost y puede ser utilizado como abono de plantas, huertas familiares y en los jardines\u201d.<br><br>Destac\u00f3 adem\u00e1s que \u201cdesde la Municipalidad venimos realizando un trabajo importante en este sentido, instalando oficinas sustentables con la separaci\u00f3n de todo lo que es el material org\u00e1nico, y habiendo superado los 180 kilogramos de material org\u00e1nico recuperado y transformado en compost\u201d.<br><br>\u201cEste material org\u00e1nico, sumado a los restos de poda y restos verdes que juntamos y lo chipeamos o trituramos, se transforman en compost para volver a utilizarlo en los diferentes espacios p\u00fablicos de la ciudad\u201d, aclar\u00f3 el secretario de Ambiente.<br><br>\u201cDe esta manera, reducimos mucho la cantidad de residuos que se env\u00edan a disposici\u00f3n final para que este lugar tenga m\u00e1s a\u00f1os de durabilidad, y tambi\u00e9n devolvemos nutrientes a la tierra de algo que antes era considerado residuo\u201d, finaliz\u00f3 Maldonado.<br><br>CRONOGRAMA<br><br>-10 de abril: Primera Jornada de Capacitaciones<br><br>Lugar: Casa del Bicentenario &#8211; Hora: 9:30hs<br><br>Tema 1: Compostaje y sus beneficios<br><br>Tema 2: Planificaci\u00f3n y manejo de una huerta agroecol\u00f3gica<br><br>-17 de abril: Segunda Jornada de Capacitaciones<br><br>Lugar: Casa del Bicentenario Hora: 9:30hs<br><br>Tema 3: Prevenci\u00f3n de plagas y enfermedades en la huerta a trav\u00e9s de la elaboraci\u00f3n de preparados caseros.<br><br>Tema 4: Alimentaci\u00f3n Saludable<br><br>-22 de abril: El acto de cierre y entrega de certificados en el Vivero Municipal.<\/p>\n","protected":false},"excerpt":{"rendered":"<p>Las capacitaciones se realizar\u00e1n los d\u00edas 10 y 17 de abril en la Casa del Bicentenario. Para inscribirse deben completar un formulario disponible en el siguiente link:\u00a0Bit.ly\/\u00f1andehuerta. El 22 se&hellip; <\/p>\n","protected":false},"author":4,"featured_media":138771,"comment_status":"closed","ping_status":"open","sticky":false,"template":"","format":"standard","meta":{"footnotes":""},"categories":[23],"tags":[],"class_list":["post-138767","post","type-post","status-publish","format-standard","has-post-thumbnail","hentry","category-actualidad"],"_links":{"self":[{"href":"https:\/\/corrientesdetarde.com\/index.php\/wp-json\/wp\/v2\/posts\/138767","targetHints":{"allow":["GET"]}}],"collection":[{"href":"https:\/\/corrientesdetarde.com\/index.php\/wp-json\/wp\/v2\/posts"}],"about":[{"href":"https:\/\/corrientesdetarde.com\/index.php\/wp-json\/wp\/v2\/types\/post"}],"author":[{"embeddable":true,"href":"https:\/\/corrientesdetarde.com\/index.php\/wp-json\/wp\/v2\/users\/4"}],"replies":[{"embeddable":true,"href":"https:\/\/corrientesdetarde.com\/index.php\/wp-json\/wp\/v2\/comments?post=138767"}],"version-history":[{"count":3,"href":"https:\/\/corrientesdetarde.com\/index.php\/wp-json\/wp\/v2\/posts\/138767\/revisions"}],"predecessor-version":[{"id":138796,"href":"https:\/\/corrientesdetarde.com\/index.php\/wp-json\/wp\/v2\/posts\/138767\/revisions\/138796"}],"wp:featuredmedia":[{"embeddable":true,"href":"https:\/\/corrientesdetarde.com\/index.php\/wp-json\/wp\/v2\/media\/138771"}],"wp:attachment":[{"href":"https:\/\/corrientesdetarde.com\/index.php\/wp-json\/wp\/v2\/media?parent=138767"}],"wp:term":[{"taxonomy":"category","embeddable":true,"href":"https:\/\/corrientesdetarde.com\/index.php\/wp-json\/wp\/v2\/categories?post=138767"},{"taxonomy":"post_tag","embeddable":true,"href":"https:\/\/corrientesdetarde.com\/index.php\/wp-json\/wp\/v2\/tags?post=138767"}],"curies":[{"name":"wp","href":"https:\/\/api.w.org\/{rel}","templated":true}]}}