{"id":138784,"date":"2024-04-08T23:35:24","date_gmt":"2024-04-09T02:35:24","guid":{"rendered":"https:\/\/corrientesdetarde.com\/?p=138784"},"modified":"2024-04-08T23:35:29","modified_gmt":"2024-04-09T02:35:29","slug":"prefectura-abrio-la-inscripcion-para-las-escuelas-de-cadetes-y-de-suboficiales","status":"publish","type":"post","link":"https:\/\/corrientesdetarde.com\/index.php\/destacados\/prefectura-abrio-la-inscripcion-para-las-escuelas-de-cadetes-y-de-suboficiales\/","title":{"rendered":"Prefectura: Abri\u00f3 la inscripci\u00f3n para las Escuelas de Cadetes y de Suboficiales"},"content":{"rendered":"\n<p>Los j\u00f3venes, de ambos sexos, podr\u00e1n anotarse para ingresar en el ciclo lectivo 2025.<\/p>\n\n\n\n<p>La Prefectura Naval Argentina abri\u00f3 la inscripci\u00f3n a sus Escuelas de Oficiales y Suboficiales para los j\u00f3venes, de ambos sexos, que quieran desarrollar su carrera profesional como oficiales y suboficiales del equipo de la Autoridad Mar\u00edtima argentina, pudiendo acceder a un t\u00edtulo universitario (tras una pasant\u00eda en el campo de estudio) o una tecnicatura.<\/p>\n\n\n\n<p>El tr\u00e1mite es totalmente online, por lo que quienes quieran anotarse deben completar un formulario disponible en la web\u00a0https:\/\/inscripciones.prefecturanaval.gob.ar\/portal\/\u00a0\u00a0y continuar con los siguientes pasos.<\/p>\n\n\n\n<p>Podr\u00e1n inscribirse los j\u00f3venes argentinos nativos o por opci\u00f3n (en caso de haber optado por la nacionalidad argentina, deber\u00e1 tener los tr\u00e1mites concluidos al momento de inscribirse), que posean t\u00edtulo secundario o constancia de t\u00edtulo en tr\u00e1mite y tengan entre 17 y 22 a\u00f1os (para la Escuela de Oficiales) y entre 17 y 25 a\u00f1os (para la de Suboficiales).<\/p>\n\n\n\n<p>Adem\u00e1s, los interesados no deben registrar antecedentes penales nacionales y\/o provinciales ni causas judiciales en el Registro Nacional de Reincidencia (RNR).<\/p>\n\n\n\n<p>Asimismo, quienes deseen ingresar tendr\u00e1n que reunir las condiciones generales de aptitud psicof\u00edsica y f\u00edsica requeridas.<\/p>\n\n\n\n<p><strong>Sobre la Prefectura<\/strong><\/p>\n\n\n\n<p>La Prefectura Naval Argentina es una fuerza de seguridad federal, dependiente del Ministerio de Seguridad de la Naci\u00f3n, que, como Autoridad Mar\u00edtima nacional, cumple una amplia gama de funciones en un \u00e1mbito de actuaci\u00f3n que incluye el mar, r\u00edos y lagos navegables del pa\u00eds, los puertos, las fronteras y diferentes barrios del pa\u00eds.<\/p>\n\n\n\n<p>Sus integrantes desarrollan m\u00faltiples tareas tales como: navegar y patrullar mares, r\u00edos y lagos; proteger la vida humana en las aguas y regular el tr\u00e1fico en las mismas; combatir la pesca ilegal y la contaminaci\u00f3n; realizar operativos contra el narcotr\u00e1fico y el contrabando en las fronteras; preservar el orden p\u00fablico y representar al pa\u00eds en diferentes instituciones del mundo.<\/p>\n\n\n\n<p>Buzos, pilotos, bomberos, nadadores de rescate, navegantes, oficinistas y expertos en comunicaciones, entre otros, trabajan coordinadamente para brindar seguridad a todos los argentinos.<\/p>\n","protected":false},"excerpt":{"rendered":"<p>Los j\u00f3venes, de ambos sexos, podr\u00e1n anotarse para ingresar en el ciclo lectivo 2025. La Prefectura Naval Argentina abri\u00f3 la inscripci\u00f3n a sus Escuelas de Oficiales y Suboficiales para los&hellip; <\/p>\n","protected":false},"author":4,"featured_media":138786,"comment_status":"closed","ping_status":"open","sticky":false,"template":"","format":"standard","meta":{"footnotes":""},"categories":[26],"tags":[],"class_list":["post-138784","post","type-post","status-publish","format-standard","has-post-thumbnail","hentry","category-destacados"],"_links":{"self":[{"href":"https:\/\/corrientesdetarde.com\/index.php\/wp-json\/wp\/v2\/posts\/138784","targetHints":{"allow":["GET"]}}],"collection":[{"href":"https:\/\/corrientesdetarde.com\/index.php\/wp-json\/wp\/v2\/posts"}],"about":[{"href":"https:\/\/corrientesdetarde.com\/index.php\/wp-json\/wp\/v2\/types\/post"}],"author":[{"embeddable":true,"href":"https:\/\/corrientesdetarde.com\/index.php\/wp-json\/wp\/v2\/users\/4"}],"replies":[{"embeddable":true,"href":"https:\/\/corrientesdetarde.com\/index.php\/wp-json\/wp\/v2\/comments?post=138784"}],"version-history":[{"count":1,"href":"https:\/\/corrientesdetarde.com\/index.php\/wp-json\/wp\/v2\/posts\/138784\/revisions"}],"predecessor-version":[{"id":138787,"href":"https:\/\/corrientesdetarde.com\/index.php\/wp-json\/wp\/v2\/posts\/138784\/revisions\/138787"}],"wp:featuredmedia":[{"embeddable":true,"href":"https:\/\/corrientesdetarde.com\/index.php\/wp-json\/wp\/v2\/media\/138786"}],"wp:attachment":[{"href":"https:\/\/corrientesdetarde.com\/index.php\/wp-json\/wp\/v2\/media?parent=138784"}],"wp:term":[{"taxonomy":"category","embeddable":true,"href":"https:\/\/corrientesdetarde.com\/index.php\/wp-json\/wp\/v2\/categories?post=138784"},{"taxonomy":"post_tag","embeddable":true,"href":"https:\/\/corrientesdetarde.com\/index.php\/wp-json\/wp\/v2\/tags?post=138784"}],"curies":[{"name":"wp","href":"https:\/\/api.w.org\/{rel}","templated":true}]}}