{"id":138803,"date":"2024-04-09T08:50:48","date_gmt":"2024-04-09T11:50:48","guid":{"rendered":"https:\/\/corrientesdetarde.com\/?p=138803"},"modified":"2024-04-09T08:50:59","modified_gmt":"2024-04-09T11:50:59","slug":"corrientes-mas-10-mil-inscriptos-para-recibir-la-vacuna-contra-el-dengue","status":"publish","type":"post","link":"https:\/\/corrientesdetarde.com\/index.php\/actualidad\/corrientes-mas-10-mil-inscriptos-para-recibir-la-vacuna-contra-el-dengue\/","title":{"rendered":"Corrientes: m\u00e1s 10 mil inscriptos para recibir la vacuna contra el dengue"},"content":{"rendered":"\n<p>Ayer el Gobierno de la provincia realiz\u00f3 el lanzamiento de un plan provincial de vacunaci\u00f3n contra el dengue, y en primera instancia, personas, de 20 a 40 a\u00f1os, sin obra social, de municipios del norte, podr\u00e1n acceder de forma gratuita a las dos dosis correspondientes a la vacunaci\u00f3n, previa inscripci\u00f3n online.<\/p>\n\n\n\n<p>Respecto de los primero n\u00fameros, Ojeada se\u00f1al\u00f3 &#8220;el sistema viene operando perfectamente, tenemos alrededor de casi 10.000 inscriptos en la provincia, en los municipios habilitados para que puedan inscribirse y tener acceso a la vacuna&#8221;.<\/p>\n\n\n\n<p>&#8220;Es un buen n\u00famero de inscriptos, ya que nosotros tenemos previsto que en la provincia, en ese rango etario, alrededor de 100.000 personas, a eso por supuesto tiene que hacer el filtro de lo que son las localidades y despu\u00e9s el filtro de la obra social, y ah\u00ed tenemos m\u00e1s o menos casi 18.000, 20.000 personas que pueden acceder a la inscripci\u00f3n. Ya estamos en el 50% de ese rango etario y que cumplen las condiciones&#8221;, confirm\u00f3.<\/p>\n\n\n\n<p>Respecto de la otorgaci\u00f3n de los turnos dijo que &#8220;ya est\u00e1n siendo validados los dos filtros que nosotros tenemos, que es que la persona viva en la localidad que se dispuso ayer y que &nbsp;no tenga obra social porque esa es la prioridad que tiene el sistema y que no te hayas vacunado en el privado en primeras dosis. Una vez que pasas ese sistema de validaci\u00f3n, los turnos ya se van entregando&#8221;.&nbsp;<\/p>\n\n\n\n<p>Por otra parte dijo que &#8220;los turnos ya van a estar entreg\u00e1ndose en lo que es el paso del d\u00eda, ya est\u00e1n siendo otorgados, ya est\u00e1n siendo validados los dos filtros que tenemos, que es que la persona viva en la localidad que se dispuso ayer y que por supuesto no tenga obra social porque esa es la prioridad que tiene el sistema y que no te hayas vacunado en el privado. Una vez que pasas ese sistema de validaci\u00f3n, los turnos ya se van entregando teniendo en cuenta que el Gobernador de la provincia dijo y anunci\u00f3 que ya ma\u00f1ana se estar\u00edan empezando con la vacunaci\u00f3n en estos puntos de la provincia&#8221;.<\/p>\n\n\n\n<p>Sobre la cuesti\u00f3n del domicilio, Ojeda aclar\u00f3 &#8220;tenemos estipulado que el sistema le haga la consulta al RENAPER que es el registro nacional de las personas, y es el RENAPER el que le dice al sistema d\u00f3nde es el domicilio real de la persona. El domicilio que tiene en el documento porque es la \u00fanica manera que nosotros tenemos de otorgar el turno teniendo en cuenta cuando tenemos que priorizar alg\u00fan tipo de municipio o de lugar espec\u00edfico&#8221;.<\/p>\n\n\n\n<p>Confirm\u00f3 que los tres los filtros para acceder a la vacunaci\u00f3n son: el domicilio, el rango etario que debe ser entre 20 a 40 a\u00f1os, y el tercer filtro es no tener obra social. &#8220;Esos son los tres requisitos fundamentales que hay que cumplir para que el sistema empiece con la asignaci\u00f3n de las vacunas y tambi\u00e9n hay un filtro m\u00e1s que tenemos nosotros que tenemos un avance de datos de las personas que se han vacunado en el privado, as\u00ed que esas personas tambi\u00e9n estar\u00edan exentas en esta etapa&#8221;, puntualiz\u00f3.<\/p>\n","protected":false},"excerpt":{"rendered":"<p>Ayer el Gobierno de la provincia realiz\u00f3 el lanzamiento de un plan provincial de vacunaci\u00f3n contra el dengue, y en primera instancia, personas, de 20 a 40 a\u00f1os, sin obra&hellip; <\/p>\n","protected":false},"author":12,"featured_media":138816,"comment_status":"closed","ping_status":"closed","sticky":false,"template":"","format":"standard","meta":{"footnotes":""},"categories":[23],"tags":[],"class_list":["post-138803","post","type-post","status-publish","format-standard","has-post-thumbnail","hentry","category-actualidad"],"_links":{"self":[{"href":"https:\/\/corrientesdetarde.com\/index.php\/wp-json\/wp\/v2\/posts\/138803","targetHints":{"allow":["GET"]}}],"collection":[{"href":"https:\/\/corrientesdetarde.com\/index.php\/wp-json\/wp\/v2\/posts"}],"about":[{"href":"https:\/\/corrientesdetarde.com\/index.php\/wp-json\/wp\/v2\/types\/post"}],"author":[{"embeddable":true,"href":"https:\/\/corrientesdetarde.com\/index.php\/wp-json\/wp\/v2\/users\/12"}],"replies":[{"embeddable":true,"href":"https:\/\/corrientesdetarde.com\/index.php\/wp-json\/wp\/v2\/comments?post=138803"}],"version-history":[{"count":1,"href":"https:\/\/corrientesdetarde.com\/index.php\/wp-json\/wp\/v2\/posts\/138803\/revisions"}],"predecessor-version":[{"id":138817,"href":"https:\/\/corrientesdetarde.com\/index.php\/wp-json\/wp\/v2\/posts\/138803\/revisions\/138817"}],"wp:featuredmedia":[{"embeddable":true,"href":"https:\/\/corrientesdetarde.com\/index.php\/wp-json\/wp\/v2\/media\/138816"}],"wp:attachment":[{"href":"https:\/\/corrientesdetarde.com\/index.php\/wp-json\/wp\/v2\/media?parent=138803"}],"wp:term":[{"taxonomy":"category","embeddable":true,"href":"https:\/\/corrientesdetarde.com\/index.php\/wp-json\/wp\/v2\/categories?post=138803"},{"taxonomy":"post_tag","embeddable":true,"href":"https:\/\/corrientesdetarde.com\/index.php\/wp-json\/wp\/v2\/tags?post=138803"}],"curies":[{"name":"wp","href":"https:\/\/api.w.org\/{rel}","templated":true}]}}